{"id":824,"date":"2021-10-26T02:10:47","date_gmt":"2021-10-26T02:10:47","guid":{"rendered":"https:\/\/congresogro.gob.mx\/63\/inicio\/?p=824"},"modified":"2021-10-27T02:12:38","modified_gmt":"2021-10-27T02:12:38","slug":"presentan-iniciativa-para-la-creacion-del-registro-estatal-del-cancer","status":"publish","type":"post","link":"https:\/\/congresogro.gob.mx\/63\/inicio\/2021\/10\/26\/presentan-iniciativa-para-la-creacion-del-registro-estatal-del-cancer\/","title":{"rendered":"PRESENTAN INICIATIVA PARA LA  CREACI\u00d3N DEL REGISTRO ESTATAL DEL C\u00c1NCER"},"content":{"rendered":"<p style=\"text-align: justify;\"><strong>Chilpancingo, Gro., 26 de octubre de 2021.- <\/strong>Para crear el Registro Estatal del C\u00e1ncer, que recopile toda la informaci\u00f3n relativa a la incidencia, causas y diagn\u00f3sticos sobre esta enfermedad, y vincule a todas las instituciones del sector salud p\u00fablicas y privadas, la diputada Leticia Mosso Hern\u00e1ndez propuso adicionar la Ley de Salud del estado.<\/p>\n<p style=\"text-align: justify;\">En la propuesta que se turn\u00f3 a la Comisi\u00f3n de Salud para su an\u00e1lisis y emisi\u00f3n del dictamen correspondiente, la diputada del Partido del Trabajo considera que se deben fortalecer las acciones existentes e implementar pol\u00edticas p\u00fablicas integrales que permitan la optimizaci\u00f3n de los recursos y materiales en favor de las y los pacientes con c\u00e1ncer<\/p>\n<p style=\"text-align: justify;\">Agreg\u00f3 que \u201cel c\u00e1ncer tiene que ser un tema fundamental y de agenda de este Poder Legislativo, porque la salud y, por ende, la vida, son un privilegio y un derecho humano consagrado en nuestra Constituci\u00f3n\u201d.<\/p>\n<p style=\"text-align: justify;\">Mosso Hern\u00e1ndez destac\u00f3 que la informaci\u00f3n debidamente sistematizada que contenga el Registro Estatal del C\u00e1ncer permitir\u00e1 unir los esfuerzos para atender oportunamente los diagn\u00f3sticos de este padecimiento y reducir la mortalidad, o en su caso, hacer todo lo posible para que el o la paciente reciba cuidados paliativos de alta calidad, independientemente del lugar en donde decida ser atendido o atendida.<\/p>\n<p style=\"text-align: justify;\">Expuso que el contar con un Registro Estatal de C\u00e1ncer permitir\u00e1 saber de manera completa, continua y sistem\u00e1tica todos los casos nuevos en un \u00e1rea definida geogr\u00e1ficamente, notificando los tipos de c\u00e1ncer, incluyendo su topograf\u00eda, morfolog\u00eda, tratamiento base y etapa cl\u00ednica al diagn\u00f3stico, permitiendo estimar indicadores poblacionales de incidencia, prevalencia y mortalidad.<\/p>\n<p style=\"text-align: justify;\"><strong>\u00a0<\/strong><\/p>\n<p style=\"text-align: justify;\"><strong>Iniciativas <\/strong><\/p>\n<p style=\"text-align: justify;\">El diputado Carlos Reyes Torres, a nombre del Grupo Parlamentario del PRD, propuso una iniciativa de reforma a la Ley Org\u00e1nica del Poder Legislativo del Estado para dar mayor precisi\u00f3n y aplicaci\u00f3n a la votaci\u00f3n de Mayor\u00eda Simple, lo cual se entiende que existe cuando los votos positivos superan a los negativos, sin contar las abstenciones ni los votos nulos.<\/p>\n<p style=\"text-align: justify;\">Asimismo, para que independientemente de las y los diputados presentes en la sesi\u00f3n, la mayor\u00eda absoluta que integra la legislatura se contabilice \u00fanicamente para el qu\u00f3rum en Ia votaci\u00f3n.<\/p>\n<p style=\"text-align: justify;\">Por su parte, la diputada <a href=\"https:\/\/www.facebook.com\/SoyJulietaFernandez\/?__cft__%5b0%5d=AZU_g0PIORww8guhJnZ7ir8z4_xOpC_zy71GFGzeW7BpL5whCaO21HPiIDWFs_J5_xjOsCpIWCwmL3xmyOsyejSsCjGun40g-CNJYJh3Pz4a2_u9ZamhFxFjvatdR0JPszQfbKW8LDh79f8NFSoVKqqe&amp;__tn__=kK-R\">Julieta Fern\u00e1ndez M\u00e1rquez<\/a> (PRI) present\u00f3 una iniciativa de reforma al C\u00f3digo Penal del estado para que se sancione al patr\u00f3n o persona que contrate los servicios de una mujer y escatime su salario, no pag\u00e1ndole de acuerdo al trabajo desempe\u00f1ado y la importancia del mismo, por consideraciones de g\u00e9nero.<\/p>\n<p style=\"text-align: justify;\">El diputado <a href=\"https:\/\/www.facebook.com\/AntonioHelgueraJ\/?__cft__%5b0%5d=AZVH_miUFVBoNMQIgx7CUe87fUUXtpFCQtl3F-xYm-wbgNbHBy5m4E4kOYdDG-AEifnh9h-PFxut1L8wOdpcwz4nPiQTDhLqqZRZs4BFXj-MxAPw2DIdm3iaTy1BXRHUIwaIHbM4GdVGg3MCh9fSc0D0&amp;__tn__=kK-R\">Antonio Helguera Jim\u00e9nez<\/a> (Morena) propuso adicionar la Ley Org\u00e1nica de la Fiscal\u00eda General del Estado para crear la Unidad Especializada en lnteligencia Patrimonial y Econ\u00f3mica, que combata, persiga e inhiba las operaciones con recursos de procedencia il\u00edcita, en coordinaci\u00f3n con los tres \u00f3rganos de gobierno, para el cumplimiento de sus fines.<\/p>\n<p style=\"text-align: justify;\">Asimismo, la diputada <a href=\"https:\/\/www.facebook.com\/Elzy-Camacho-Pineda-133285621921238\/?__cft__%5b0%5d=AZWcEWS4KJMwnGEsInmg2ELZ3SOaLtLrCy1oha4T62iBcB6E3PO0e-xlgHm_Kv8glz4onQRHFTGoKa_QaSMdW2leOxRvRzAclycIfchlWkt8LLWzTfi1RO3V_2s-7QtnfW0vWrHzGmMoisn2s1oN6g_c&amp;__tn__=kK-R\">Elzy Camacho Pineda<\/a>, a nombre del GPPRD, present\u00f3 una iniciativa de reforma a la Ley del Sistema de Medios de Impugnaci\u00f3n en Materia Electoral del estado, en busca de reducir el tiempo que tiene la autoridad electoral jurisdiccional para dictar las sentencias en los juicios de inconformidad, de 21 a 30 d\u00edas antes de la toma de protesta del cargo electo de que se trate.<\/p>\n<p style=\"text-align: justify;\">Mientras que la diputada Susana <a href=\"https:\/\/www.facebook.com\/Paola-Ju%C3%A1rez-G%C3%B3mez-281322437038885\/?__cft__%5b0%5d=AZUK5938OOT0VHEbPPS_MoDjbXTyOs_skZJEJOS_C31DL_QpB6XIhOxEWICiq7TW1575BFZ_3mIKIJz40TjA3mwxv64mHJ2UnVDX03haf0g9dZuXyAZRBmGgW5Fz16xtPBj89xiaxS5MiRX8aWhXNcmC&amp;__tn__=kK-R\">Paola Ju\u00e1rez G\u00f3mez<\/a> (PRD) present\u00f3 una iniciativa de reforma al C\u00f3digo Penal del estado para castigar con 4 y hasta 10 a\u00f1os de prisi\u00f3n a quien obligue a una ni\u00f1a, adolescente o mujer a contraer matrimonio o concubinato con otra persona, y cuando el motivo del matrimonio sea prostituirla o someterla a trabajos dom\u00e9sticos, de campo o esclavitud, se impondr\u00e1n penas de 20 a 40 a\u00f1os de prisi\u00f3n a los involucrados.<\/p>\n<p style=\"text-align: justify;\"><strong>\u00a0<\/strong><\/p>\n<p style=\"text-align: justify;\"><strong>Intervenciones <\/strong><\/p>\n<p style=\"text-align: justify;\">La diputada <a href=\"https:\/\/www.facebook.com\/jessicaivette.alejorayo?__cft__%5b0%5d=AZXSlz4yycBRMHdAC-tuuiVonOV4YV0m4AXV9kizhLAIbTa8PUm7BuZgEzSJ3uK3LXXLPDXPSXeW-c5_fvKyJhSsmwR7UCD4O747-KjoVg9RroQTC_QklKKPK6MAedEpknDa0OrS9ujDm672FVV3OcIw&amp;__tn__=-%5dK-R\">Jessica Ivette Alejo Rayo<\/a> (Morena) particip\u00f3 en relaci\u00f3n con el D\u00eda Internacional de la Lucha contra el C\u00e1ncer de Mama, refiriendo que cada a\u00f1o en el mundo se producen 458 mil defunciones por esta enfermedad.<\/p>\n<p style=\"text-align: justify;\">Ante esta grave situaci\u00f3n, la legisladora conmin\u00f3 a la poblaci\u00f3n y a las autoridades a crear conciencia y promover que cada vez m\u00e1s mujeres accedan a controles, diagn\u00f3sticos y tratamientos oportunos y efectivos que eviten el aumento de estas tr\u00e1gicas cifras.<\/p>\n<p style=\"text-align: justify;\">Al intervenir en relaci\u00f3n con la falta de infraestructura en los Centros de Atenci\u00f3n para Mujeres del estado, la diputada <a href=\"https:\/\/www.facebook.com\/MariaFloresDtto27\/?__cft__%5b0%5d=AZV8yMZwXaL9fj0Idv5iHsYAKsEKZhMvmKigMI8nqZ0Fd60xfpsYIIAGskm7onQtd7BkECfrEeZsw5hGUamL_cbRrDGj7-3MhpHZ0zHaMjnGFZK7LarJrT-jUXA_0_NNsXuxX9JgS8cG7-33wsL47ICv&amp;__tn__=kK-R\">Mar\u00eda Flores Maldonado<\/a> (Morena) expres\u00f3 que el objetivo de estas instancias es brindar apoyo a mujeres que sufren o han sufrido de violencia; sin embargo, dijo que es preocupante que el Centro de Justicia para Mujeres de la Regi\u00f3n de la Monta\u00f1a, desde el mes de enero del 2020, no cuenta con el personal suficiente, \u201cpor falta de recursos\u201d.<\/p>\n<p style=\"text-align: justify;\">La legisladora hizo un llamado a las dependencias correspondientes para realizar un diagn\u00f3stico en esta instituci\u00f3n, que permita atender de manera prioritaria sus necesidades, para que pueda retomar sus importantes funciones.<\/p>\n<p style=\"text-align: justify;\">En su oportunidad, el diputado <a href=\"https:\/\/www.facebook.com\/carlos.cruzlopez.581187?__cft__%5b0%5d=AZVtgjEDPMDqzCwNVUwo4NjaGpFZ-W0-SjWUjCC-M1aiaEjQUfNTrpu92g85ckoKlis2xhoqLSAOQKcqrFAcuQcX9cFWlEwQjMVpwGcb8err4EyF-OyZuWI0mi_aH-7QDWbKkjEl7qkyHc1DFLOmoxdi&amp;__tn__=-%5dK-R\">Carlos Cruz L\u00f3pez<\/a> (Morena) intervino sobre el adeudo por parte de las entidades federativas al ISSSTE, haciendo menci\u00f3n de que pese a las disposiciones legales, los funcionarios siguen sin enterar las aportaciones correspondientes, en detrimento de la seguridad social de los trabajadores y las finanzas de las instituciones.<\/p>\n<p style=\"text-align: justify;\">Indic\u00f3 que esta deuda hist\u00f3rica rebasa los 60 mil millones de pesos en el pa\u00eds, y el estado de Guerrero tiene el segundo lugar a nivel nacional por la no entrega de cuotas, con m\u00e1s de 13 mil millones de pesos. Por eso, dijo que el Poder Legislativo debe trabajar en conjunto con el Ejecutivo estatal para que el erario y las finanzas de Guerrero no se vean m\u00e1s afectadas.<\/p>\n<p style=\"text-align: justify;\">La diputada <a href=\"https:\/\/www.facebook.com\/Patricia-Doroteo-Calder%C3%B3n-108593091022739\/?__cft__%5b0%5d=AZUbq15va4sLpgIjtvWu0DNfawKUqXV4m0youeRH5bd5LAqqNfecZM-CuECP00MwSqSOfYBp4XtXfL-fIXmG42FdJkQ9R1CxL173wU0CZXTa9-vMRKato6f2CYEXhCyMeg_bDQnNVwFXzML6joP3F9zn&amp;__tn__=kK-R\">Patricia Doroteo Calder\u00f3n<\/a> (PRD) intervino en relaci\u00f3n con la Tormenta Tropical \u00abRick\u00bb que caus\u00f3 deslaves e inundaciones en diferentes regiones del estado, afectando a un gran n\u00famero de viviendas y sembrad\u00edos de pl\u00e1tano, ma\u00edz, corte de caminos, entre otras afectaciones.<\/p>\n<p style=\"text-align: justify;\">Ante esto, dijo que es imperante que los gobiernos estatal y federal implementen un programa emergente que atienda los da\u00f1os ocasionados, e hizo un llamado a los tres niveles de gobierno para que activen los protocolos y hagan la solicitud de Declaratoria de Desastre, procediendo a levantar un censo de los da\u00f1os causados, con el fin de que se destinen recursos extraordinarios a Guerrero.<\/p>\n<p style=\"text-align: justify;\">En relaci\u00f3n con el tema, el diputado <a href=\"https:\/\/www.facebook.com\/JaGoChilpo\/?__cft__%5b0%5d=AZUbq15va4sLpgIjtvWu0DNfawKUqXV4m0youeRH5bd5LAqqNfecZM-CuECP00MwSqSOfYBp4XtXfL-fIXmG42FdJkQ9R1CxL173wU0CZXTa9-vMRKato6f2CYEXhCyMeg_bDQnNVwFXzML6joP3F9zn&amp;__tn__=kK-R\">Jacinto Gonz\u00e1lez<\/a> Varona (Morena) intervino para informar que en d\u00edas pasados la gobernadora Evelyn Salgado recorri\u00f3 el estado para cuantificar los da\u00f1os que ocasion\u00f3 el hurac\u00e1n \u201cRick\u201d, al igual que la Coordinaci\u00f3n General de Protecci\u00f3n Civil est\u00e1 monitoreando.<\/p>\n<p style=\"text-align: justify;\">Llam\u00f3 a que desde el Poder Legislativo, en la pr\u00f3xima discusi\u00f3n del Presupuesto, se tome en consideraci\u00f3n lo acontecido por el sismo del 7 de septiembre y por el mencionado hurac\u00e1n.<\/p>\n<p style=\"text-align: justify;\">Por su parte, la diputada <a href=\"https:\/\/www.facebook.com\/SoyJulietaFernandez\/?__cft__%5b0%5d=AZUbq15va4sLpgIjtvWu0DNfawKUqXV4m0youeRH5bd5LAqqNfecZM-CuECP00MwSqSOfYBp4XtXfL-fIXmG42FdJkQ9R1CxL173wU0CZXTa9-vMRKato6f2CYEXhCyMeg_bDQnNVwFXzML6joP3F9zn&amp;__tn__=kK-R\">Julieta Fern\u00e1ndez M\u00e1rquez<\/a> (PRI) mencion\u00f3 que los damnificados no esperan y, por lo tanto, es urgente que se atienda el tema con prontitud, al tiempo en que llam\u00f3 a sus compa\u00f1eras y compa\u00f1eros diputados a estar atentos de lo que sucede, ser solidarios y a dar apoyo.<\/p>\n","protected":false},"excerpt":{"rendered":"<p>Chilpancingo, Gro., 26 de octubre de 2021.- Para crear el Registro Estatal del C\u00e1ncer, que recopile toda la informaci\u00f3n relativa a la incidencia, causas y diagn\u00f3sticos sobre esta enfermedad, y vincule a todas las instituciones del sector salud p\u00fablicas y privadas, la diputada Leticia Mosso Hern\u00e1ndez propuso adicionar la Ley de Salud del estado. En&#8230;<\/p>\n","protected":false},"author":1,"featured_media":825,"comment_status":"closed","ping_status":"open","sticky":false,"template":"","format":"standard","meta":{"_monsterinsights_skip_tracking":false,"_monsterinsights_sitenote_active":false,"_monsterinsights_sitenote_note":"","_monsterinsights_sitenote_category":0,"footnotes":""},"categories":[3,30],"tags":[],"class_list":["post-824","post","type-post","status-publish","format-standard","has-post-thumbnail","hentry","category-boletin","category-leticia-mosso-hernandez"],"aioseo_notices":[],"_links":{"self":[{"href":"https:\/\/congresogro.gob.mx\/63\/inicio\/wp-json\/wp\/v2\/posts\/824","targetHints":{"allow":["GET"]}}],"collection":[{"href":"https:\/\/congresogro.gob.mx\/63\/inicio\/wp-json\/wp\/v2\/posts"}],"about":[{"href":"https:\/\/congresogro.gob.mx\/63\/inicio\/wp-json\/wp\/v2\/types\/post"}],"author":[{"embeddable":true,"href":"https:\/\/congresogro.gob.mx\/63\/inicio\/wp-json\/wp\/v2\/users\/1"}],"replies":[{"embeddable":true,"href":"https:\/\/congresogro.gob.mx\/63\/inicio\/wp-json\/wp\/v2\/comments?post=824"}],"version-history":[{"count":1,"href":"https:\/\/congresogro.gob.mx\/63\/inicio\/wp-json\/wp\/v2\/posts\/824\/revisions"}],"predecessor-version":[{"id":826,"href":"https:\/\/congresogro.gob.mx\/63\/inicio\/wp-json\/wp\/v2\/posts\/824\/revisions\/826"}],"wp:featuredmedia":[{"embeddable":true,"href":"https:\/\/congresogro.gob.mx\/63\/inicio\/wp-json\/wp\/v2\/media\/825"}],"wp:attachment":[{"href":"https:\/\/congresogro.gob.mx\/63\/inicio\/wp-json\/wp\/v2\/media?parent=824"}],"wp:term":[{"taxonomy":"category","embeddable":true,"href":"https:\/\/congresogro.gob.mx\/63\/inicio\/wp-json\/wp\/v2\/categories?post=824"},{"taxonomy":"post_tag","embeddable":true,"href":"https:\/\/congresogro.gob.mx\/63\/inicio\/wp-json\/wp\/v2\/tags?post=824"}],"curies":[{"name":"wp","href":"https:\/\/api.w.org\/{rel}","templated":true}]}}