{"id":8184,"date":"2023-10-05T17:51:18","date_gmt":"2023-10-05T23:51:18","guid":{"rendered":"https:\/\/congresogro.gob.mx\/63\/inicio\/?p=8184"},"modified":"2023-10-05T17:51:18","modified_gmt":"2023-10-05T23:51:18","slug":"reforman-ley-de-educacion-para-dar-reconocimiento-de-validez-oficial-a-escuelas-que-garanticen-la-inclusion","status":"publish","type":"post","link":"https:\/\/congresogro.gob.mx\/63\/inicio\/2023\/10\/05\/reforman-ley-de-educacion-para-dar-reconocimiento-de-validez-oficial-a-escuelas-que-garanticen-la-inclusion\/","title":{"rendered":"REFORMAN LEY DE EDUCACI\u00d3N PARA DAR RECONOCIMIENTO DE VALIDEZ OFICIAL A ESCUELAS QUE GARANTICEN LA INCLUSI\u00d3N"},"content":{"rendered":"<p style=\"text-align: justify;\"><strong>Chilpancingo, Gro., 05 de octubre de 2023.-<\/strong> El Pleno del Congreso del Estado aprob\u00f3 reformas a la Ley de Educaci\u00f3n del Estado para otorgar el reconocimiento de validez oficial a las instituciones educativas que garanticen condiciones de inclusi\u00f3n, removiendo todas las barreras del aprendizaje y facilitando la participaci\u00f3n de las y los estudiantes con alg\u00fan tipo de discapacidad.<\/p>\n<p style=\"text-align: justify;\">El dictamen emitido por la Comisi\u00f3n de Educaci\u00f3n, Ciencia y Tecnolog\u00eda, derivado de una iniciativa propuesta por la diputada Ana Lenis Res\u00e9ndiz Javier, hace referencia a que la Constituci\u00f3n Pol\u00edtica de los Estados Unidos Mexicanos establece que los planteles educativos constituyen un espacio fundamental para el proceso de ense\u00f1anza-aprendizaje, por lo cual se deber\u00e1 garantizar que los materiales did\u00e1cticos, la infraestructura educativa, su mantenimiento y las condiciones del entorno sean id\u00f3neos y contribuyan a los fines educativos.<\/p>\n<p style=\"text-align: justify;\">Menciona, asimismo, que la Ley General del Educaci\u00f3n estipula que le corresponde al Estado la rector\u00eda de la educaci\u00f3n, y la que este imparte, adem\u00e1s de ser obligatoria e inclusiva, debe eliminar toda forma de discriminaci\u00f3n y exclusi\u00f3n, as\u00ed como las condiciones estructurales que se convierten en barreras del aprendizaje y la participaci\u00f3n.<\/p>\n<p style=\"text-align: justify;\">En ese sentido, se considera importante que las instituciones educativas tanto p\u00fablicas como privadas se sumen a las acciones para garantizar el derecho a la educaci\u00f3n de las personas con discapacidad, para lo cual deben contar con instalaciones que les permitan acceder con facilidad, se\u00f1al\u00e9ticas que les puedan orientar, y dem\u00e1s ajustes razonables que abonen a la garant\u00eda de uno de sus derechos constitucionales.<\/p>\n<p style=\"text-align: justify;\">\n<p style=\"text-align: justify;\"><strong>Acuerdo<\/strong><\/p>\n<p style=\"text-align: justify;\">El Congreso del Estado exhort\u00f3 a la Comisi\u00f3n de Vigilancia de la Auditor\u00eda Superior de la Federaci\u00f3n de la C\u00e1mara de Diputados federal, para que por su conducto se exhorte a la Auditor\u00eda Superior de la Federaci\u00f3n a que, a la brevedad posible, se reactive el mecanismo para la firma de convenios de colaboraci\u00f3n entre los entes fiscalizadores de los estados y de la Ciudad de M\u00e9xico.<\/p>\n<p style=\"text-align: justify;\">Al dar lectura al documento, el diputado Jacinto Gonz\u00e1lez Varona, a nombre de la Comisi\u00f3n de Vigilancia y Evaluaci\u00f3n de la ASE, plante\u00f3 la necesidad de este llamado para armonizar criterios de colaboraci\u00f3n y funciones que fortalezcan la fiscalizaci\u00f3n y transparencia de los recursos p\u00fablicos otorgados de las participaciones federales en los estados.<\/p>\n","protected":false},"excerpt":{"rendered":"<p>Chilpancingo, Gro., 05 de octubre de 2023.- El Pleno del Congreso del Estado aprob\u00f3 reformas a la Ley de Educaci\u00f3n del Estado para otorgar el reconocimiento de validez oficial a las instituciones educativas que garanticen condiciones de inclusi\u00f3n, removiendo todas las barreras del aprendizaje y facilitando la participaci\u00f3n de las y los estudiantes con alg\u00fan&#8230;<\/p>\n","protected":false},"author":1,"featured_media":8185,"comment_status":"closed","ping_status":"open","sticky":false,"template":"","format":"standard","meta":{"_monsterinsights_skip_tracking":false,"_monsterinsights_sitenote_active":false,"_monsterinsights_sitenote_note":"","_monsterinsights_sitenote_category":0,"footnotes":""},"categories":[45,3],"tags":[],"class_list":["post-8184","post","type-post","status-publish","format-standard","has-post-thumbnail","hentry","category-ana-lenis-resendiz-javier","category-boletin"],"aioseo_notices":[],"_links":{"self":[{"href":"https:\/\/congresogro.gob.mx\/63\/inicio\/wp-json\/wp\/v2\/posts\/8184","targetHints":{"allow":["GET"]}}],"collection":[{"href":"https:\/\/congresogro.gob.mx\/63\/inicio\/wp-json\/wp\/v2\/posts"}],"about":[{"href":"https:\/\/congresogro.gob.mx\/63\/inicio\/wp-json\/wp\/v2\/types\/post"}],"author":[{"embeddable":true,"href":"https:\/\/congresogro.gob.mx\/63\/inicio\/wp-json\/wp\/v2\/users\/1"}],"replies":[{"embeddable":true,"href":"https:\/\/congresogro.gob.mx\/63\/inicio\/wp-json\/wp\/v2\/comments?post=8184"}],"version-history":[{"count":1,"href":"https:\/\/congresogro.gob.mx\/63\/inicio\/wp-json\/wp\/v2\/posts\/8184\/revisions"}],"predecessor-version":[{"id":8186,"href":"https:\/\/congresogro.gob.mx\/63\/inicio\/wp-json\/wp\/v2\/posts\/8184\/revisions\/8186"}],"wp:featuredmedia":[{"embeddable":true,"href":"https:\/\/congresogro.gob.mx\/63\/inicio\/wp-json\/wp\/v2\/media\/8185"}],"wp:attachment":[{"href":"https:\/\/congresogro.gob.mx\/63\/inicio\/wp-json\/wp\/v2\/media?parent=8184"}],"wp:term":[{"taxonomy":"category","embeddable":true,"href":"https:\/\/congresogro.gob.mx\/63\/inicio\/wp-json\/wp\/v2\/categories?post=8184"},{"taxonomy":"post_tag","embeddable":true,"href":"https:\/\/congresogro.gob.mx\/63\/inicio\/wp-json\/wp\/v2\/tags?post=8184"}],"curies":[{"name":"wp","href":"https:\/\/api.w.org\/{rel}","templated":true}]}}