{"id":8180,"date":"2023-10-05T17:45:59","date_gmt":"2023-10-05T23:45:59","guid":{"rendered":"https:\/\/congresogro.gob.mx\/63\/inicio\/?p=8180"},"modified":"2023-10-05T17:45:59","modified_gmt":"2023-10-05T23:45:59","slug":"plantean-reforma-sobre-sucesion-del-titular-de-la-ase-y-para-asegurar-la-correcta-entrega-de-cuentas-publicas","status":"publish","type":"post","link":"https:\/\/congresogro.gob.mx\/63\/inicio\/2023\/10\/05\/plantean-reforma-sobre-sucesion-del-titular-de-la-ase-y-para-asegurar-la-correcta-entrega-de-cuentas-publicas\/","title":{"rendered":"PLANTEAN REFORMA SOBRE SUCESI\u00d3N DEL TITULAR DE LA ASE Y PARA ASEGURAR LA CORRECTA ENTREGA DE CUENTAS P\u00daBLICAS"},"content":{"rendered":"<p style=\"text-align: justify;\"><strong>Chilpancingo, Gro., 05 de octubre de 2023.-<\/strong> El diputado Jacinto Gonz\u00e1lez Varona propuso reformar la Ley de Fiscalizaci\u00f3n Superior y Rendici\u00f3n de Cuentas del Estado de Guerrero para fortalecer el trabajo de la Auditor\u00eda Superior del Estado (ASE), a trav\u00e9s de una sucesi\u00f3n m\u00e1s clara y precisa de su titular en casos de ausencia temporal o definitiva, que asegure la adecuada y oportuna entrega de las cuentas p\u00fablicas, e implementando sanciones contra los funcionarios que se nieguen a colaborar en la rendici\u00f3n de cuentas.<\/p>\n<p style=\"text-align: justify;\">El legislador refiri\u00f3 que con estas modificaciones se pretende fortalecer la fiscalizaci\u00f3n de los recursos p\u00fablicos y garantizar la transparencia en la gesti\u00f3n gubernamental, para lo cual es necesario brindar mayor claridad y certeza en los procesos de sucesi\u00f3n del titular de la ASE, evitando posibles sesgos interpretativos y garantizando la legalidad en los trabajos y acciones realizadas durante este per\u00edodo.<\/p>\n<p style=\"text-align: justify;\">Asimismo, plantea establecer medidas m\u00e1s estrictas en la entrega de las cuentas p\u00fablicas por parte de los funcionarios salientes, imponiendo sanciones graves para quienes se nieguen a colaborar en la entrega de informes y comprobaciones requeridos para la adecuada rendici\u00f3n de cuentas.<\/p>\n<p style=\"text-align: justify;\">Esta iniciativa se turn\u00f3 a la Comisi\u00f3n de Vigilancia y Evaluaci\u00f3n de la Auditor\u00eda Superior del Estado, para su an\u00e1lisis y emisi\u00f3n del dictamen correspondiente.<\/p>\n<p style=\"text-align: justify;\"><strong>\u00a0<\/strong><\/p>\n<p style=\"text-align: justify;\"><strong>Iniciativa<\/strong><\/p>\n<p style=\"text-align: justify;\">A la Junta de Coordinaci\u00f3n Pol\u00edtica se turn\u00f3 una iniciativa de decreto por el que se declara el d\u00eda 20 de mayo de cada a\u00f1o como \u201cD\u00eda Estatal de la Psic\u00f3loga y el Psic\u00f3logo\u201d, propuesta por el diputado Ricardo Astudillo Calvo.<\/p>\n","protected":false},"excerpt":{"rendered":"<p>Chilpancingo, Gro., 05 de octubre de 2023.- El diputado Jacinto Gonz\u00e1lez Varona propuso reformar la Ley de Fiscalizaci\u00f3n Superior y Rendici\u00f3n de Cuentas del Estado de Guerrero para fortalecer el trabajo de la Auditor\u00eda Superior del Estado (ASE), a trav\u00e9s de una sucesi\u00f3n m\u00e1s clara y precisa de su titular en casos de ausencia temporal&#8230;<\/p>\n","protected":false},"author":1,"featured_media":8181,"comment_status":"closed","ping_status":"open","sticky":false,"template":"","format":"standard","meta":{"_monsterinsights_skip_tracking":false,"_monsterinsights_sitenote_active":false,"_monsterinsights_sitenote_note":"","_monsterinsights_sitenote_category":0,"footnotes":""},"categories":[3,24],"tags":[],"class_list":["post-8180","post","type-post","status-publish","format-standard","has-post-thumbnail","hentry","category-boletin","category-jacinto-gonzalez"],"aioseo_notices":[],"_links":{"self":[{"href":"https:\/\/congresogro.gob.mx\/63\/inicio\/wp-json\/wp\/v2\/posts\/8180","targetHints":{"allow":["GET"]}}],"collection":[{"href":"https:\/\/congresogro.gob.mx\/63\/inicio\/wp-json\/wp\/v2\/posts"}],"about":[{"href":"https:\/\/congresogro.gob.mx\/63\/inicio\/wp-json\/wp\/v2\/types\/post"}],"author":[{"embeddable":true,"href":"https:\/\/congresogro.gob.mx\/63\/inicio\/wp-json\/wp\/v2\/users\/1"}],"replies":[{"embeddable":true,"href":"https:\/\/congresogro.gob.mx\/63\/inicio\/wp-json\/wp\/v2\/comments?post=8180"}],"version-history":[{"count":1,"href":"https:\/\/congresogro.gob.mx\/63\/inicio\/wp-json\/wp\/v2\/posts\/8180\/revisions"}],"predecessor-version":[{"id":8182,"href":"https:\/\/congresogro.gob.mx\/63\/inicio\/wp-json\/wp\/v2\/posts\/8180\/revisions\/8182"}],"wp:featuredmedia":[{"embeddable":true,"href":"https:\/\/congresogro.gob.mx\/63\/inicio\/wp-json\/wp\/v2\/media\/8181"}],"wp:attachment":[{"href":"https:\/\/congresogro.gob.mx\/63\/inicio\/wp-json\/wp\/v2\/media?parent=8180"}],"wp:term":[{"taxonomy":"category","embeddable":true,"href":"https:\/\/congresogro.gob.mx\/63\/inicio\/wp-json\/wp\/v2\/categories?post=8180"},{"taxonomy":"post_tag","embeddable":true,"href":"https:\/\/congresogro.gob.mx\/63\/inicio\/wp-json\/wp\/v2\/tags?post=8180"}],"curies":[{"name":"wp","href":"https:\/\/api.w.org\/{rel}","templated":true}]}}