{"id":8170,"date":"2023-10-04T12:06:48","date_gmt":"2023-10-04T18:06:48","guid":{"rendered":"https:\/\/congresogro.gob.mx\/63\/inicio\/?p=8170"},"modified":"2023-10-05T15:14:54","modified_gmt":"2023-10-05T21:14:54","slug":"se-perfeccionara-el-marco-legal-con-base-en-las-propuestas-de-las-personas-adultas-mayores-aseveran-diputadas","status":"publish","type":"post","link":"https:\/\/congresogro.gob.mx\/63\/inicio\/2023\/10\/04\/se-perfeccionara-el-marco-legal-con-base-en-las-propuestas-de-las-personas-adultas-mayores-aseveran-diputadas\/","title":{"rendered":"SE PERFECCIONAR\u00c1 EL MARCO LEGAL CON BASE EN LAS PROPUESTAS DE LAS PERSONAS ADULTAS MAYORES, ASEVERAN DIPUTADAS"},"content":{"rendered":"<p style=\"text-align: justify;\"><strong>Chilpancingo, Gro., 04 de octubre de 2023.-<\/strong> El Parlamento de las Personas Adultas Mayores del Estado de Guerrero servir\u00e1 para perfeccionar el marco legal estatal, con miras a la creaci\u00f3n y ejecuci\u00f3n de mejores pol\u00edticas p\u00fablicas que les garanticen mayores oportunidades de desarrollo, atenci\u00f3n integral, trato digno y nula discriminaci\u00f3n.<\/p>\n<p style=\"text-align: justify;\">As\u00ed coincidieron las diputadas Leticia Mosso Hern\u00e1ndez, Yoloczin Dom\u00ednguez Serna y Jessica Ivette Alejo Rayo, respectivas presidentas de la Mesa Directiva, de la Junta de Coordinaci\u00f3n Pol\u00edtica y de la Comisi\u00f3n de Atenci\u00f3n a los Adultos Mayores del Congreso del Estado, al inicio de los trabajos del citado parlamento realizado en el Sal\u00f3n de Plenos del Congreso del Estado.<\/p>\n<p style=\"text-align: justify;\">Al darles bienvenida, a las y los participantes, la diputada Leticia Mosso refiri\u00f3 que este es un ejercicio in\u00e9dito que busca visibilizar el trabajo y los aportes de un grupo social que, a pesar de diversas pol\u00edticas p\u00fablicas creadas recientemente para brindarles asistencia, a\u00fan requiere del perfeccionamiento del marco jur\u00eddico, con miras a garantizarles una atenci\u00f3n integral que contemple acceso a la salud, trabajo, alimentaci\u00f3n de calidad y un trato digno.<\/p>\n<p style=\"text-align: justify;\">Destac\u00f3 que este ejercicio de participaci\u00f3n ciudadana tiene como prop\u00f3sito recoger sus propuestas para integrar una agenda legislativa de car\u00e1cter ciudadano que atienda sus necesidades e intereses.<\/p>\n<p style=\"text-align: justify;\">En su intervenci\u00f3n, la diputada <a href=\"https:\/\/www.facebook.com\/Diputada.Jessica.Alejo.Rayo?__cft__%5b0%5d=AZXuVfJhQi6C0eP8JBxmQKWm3OVXNzrCxEeMJ-OosBkn6UJu4VJYlKzLbauJgNuIB4i9oE6asztKZay86FXOo8z2zjVTnyH-MZ3640oNFX5XHrUKeSp2Q59CIcIubMFnv3qz9I3nGIBN87Uv-6zryJLO7gQFMas-dAraZ31jzMLO8jNYV8b9aF6xYd8sT2tjQ2Y&amp;__tn__=-%5dK-R\">Jessica Alejo<\/a> se congratul\u00f3 por la celebraci\u00f3n de este ejercicio democr\u00e1tico que tiene como centro de atenci\u00f3n a las personas adultas mayores de Guerrero, cuya participaci\u00f3n pol\u00edtica, dijo, es necesaria para el ejercicio de una democracia plena.<\/p>\n<p style=\"text-align: justify;\">En ese sentido, recalc\u00f3 que el Parlamento fue dise\u00f1ado para que las personas adultas presenten sus ideas y propuestas de viva voz, con la confianza de que el Congreso las incorporar\u00e1 al trabajo de creaci\u00f3n de leyes acordes a sus necesidades, que mejoren sus condiciones sociales, econ\u00f3micas, educativas y de salud, pero sobre todo garanticen sus derechos humanos.<\/p>\n<p style=\"text-align: justify;\">En su oportunidad, la diputada <a href=\"https:\/\/www.facebook.com\/YoloczinDominguez?__cft__%5b0%5d=AZVJY0OOTTGt9kdnxrq4dBCAQa33G5B6B8v0zX3axKocZ7pUbKSMqLKli7XVxs2zaWnNySLouA7tcR9-66E5n5RoGWV1olhq589a0_Y6gJed5_i9Q8-xURnvZ_bjdnz9dW66G-bBKbwdZc21ILQKP7RHJD0x59B4NgSMlts9QMuRn1EZfCZiXgBl6fl4ShxhU2g&amp;__tn__=-%5dK-R\">Yoloczin Dom\u00ednguez Serna<\/a> resalt\u00f3 que la LXIII Legislatura, de la mano con la sociedad, viene construyendo las bases legislativas para una vida digna y un entorno saludable de todos los sectores, en particular de los m\u00e1s vulnerables, como son los adultos mayores que han forjado a la entidad con su trabajo, sabidur\u00eda y constancia.<\/p>\n<p style=\"text-align: justify;\">Manifest\u00f3 que el multicitado \u201crelevo generacional\u201d no ser\u00eda posible sin las ense\u00f1anzas y experiencia que brindan las personas adultas, quienes \u201chan allanado el camino y siguen guiando con su ejemplo a las nuevas generaciones, con la clara visi\u00f3n de hacer de Guerrero un entorno de bienestar\u201d.<\/p>\n<p style=\"text-align: justify;\">Por \u00faltimo, asever\u00f3 que las propuestas e inquietudes planteadas en este Parlamento marcar\u00e1n la ruta legislativa para generar las pol\u00edticas p\u00fablicas necesarias que otorguen a las personas adultas las oportunidades de desarrollo laboral y social que requieren.<\/p>\n<p style=\"text-align: justify;\">Por su parte, la directora del Instituto Guerrerense para la Atenci\u00f3n Integral de las Personas Adultas Mayores, Hilda Ruth Lorenzo Hern\u00e1ndez, resalt\u00f3 que la realizaci\u00f3n del Parlamento cambiar\u00e1 el rumbo de la pol\u00edtica de derechos humanos de las personas adultas mayores, considerando que para el Gobierno del Estado es prioridad brindarles la atenci\u00f3n que merecen, conforme a las bases ya sentadas por el Gobierno Federal.<\/p>\n<p style=\"text-align: justify;\">Al Parlamento de las Personas Adultas Mayores del Estado de Guerrero 2023 tambi\u00e9n asistieron las diputadas Jennyfer Garc\u00eda Lucena, Flor A\u00f1orve Ocampo, Marben de la Cruz Santiago, Beatriz Mojica Morga, y los diputados Marco Tulio S\u00e1nchez Alarc\u00f3n, Andr\u00e9s Guevara C\u00e1rdenas y Jos\u00e9 Efr\u00e9n L\u00f3pez Cort\u00e9s.<\/p>\n","protected":false},"excerpt":{"rendered":"<p>Chilpancingo, Gro., 04 de octubre de 2023.- El Parlamento de las Personas Adultas Mayores del Estado de Guerrero servir\u00e1 para perfeccionar el marco legal estatal, con miras a la creaci\u00f3n y ejecuci\u00f3n de mejores pol\u00edticas p\u00fablicas que les garanticen mayores oportunidades de desarrollo, atenci\u00f3n integral, trato digno y nula discriminaci\u00f3n. As\u00ed coincidieron las diputadas Leticia&#8230;<\/p>\n","protected":false},"author":1,"featured_media":8171,"comment_status":"closed","ping_status":"open","sticky":false,"template":"","format":"standard","meta":{"_monsterinsights_skip_tracking":false,"_monsterinsights_sitenote_active":false,"_monsterinsights_sitenote_note":"","_monsterinsights_sitenote_category":0,"footnotes":""},"categories":[3],"tags":[],"class_list":["post-8170","post","type-post","status-publish","format-standard","has-post-thumbnail","hentry","category-boletin"],"aioseo_notices":[],"_links":{"self":[{"href":"https:\/\/congresogro.gob.mx\/63\/inicio\/wp-json\/wp\/v2\/posts\/8170","targetHints":{"allow":["GET"]}}],"collection":[{"href":"https:\/\/congresogro.gob.mx\/63\/inicio\/wp-json\/wp\/v2\/posts"}],"about":[{"href":"https:\/\/congresogro.gob.mx\/63\/inicio\/wp-json\/wp\/v2\/types\/post"}],"author":[{"embeddable":true,"href":"https:\/\/congresogro.gob.mx\/63\/inicio\/wp-json\/wp\/v2\/users\/1"}],"replies":[{"embeddable":true,"href":"https:\/\/congresogro.gob.mx\/63\/inicio\/wp-json\/wp\/v2\/comments?post=8170"}],"version-history":[{"count":1,"href":"https:\/\/congresogro.gob.mx\/63\/inicio\/wp-json\/wp\/v2\/posts\/8170\/revisions"}],"predecessor-version":[{"id":8172,"href":"https:\/\/congresogro.gob.mx\/63\/inicio\/wp-json\/wp\/v2\/posts\/8170\/revisions\/8172"}],"wp:featuredmedia":[{"embeddable":true,"href":"https:\/\/congresogro.gob.mx\/63\/inicio\/wp-json\/wp\/v2\/media\/8171"}],"wp:attachment":[{"href":"https:\/\/congresogro.gob.mx\/63\/inicio\/wp-json\/wp\/v2\/media?parent=8170"}],"wp:term":[{"taxonomy":"category","embeddable":true,"href":"https:\/\/congresogro.gob.mx\/63\/inicio\/wp-json\/wp\/v2\/categories?post=8170"},{"taxonomy":"post_tag","embeddable":true,"href":"https:\/\/congresogro.gob.mx\/63\/inicio\/wp-json\/wp\/v2\/tags?post=8170"}],"curies":[{"name":"wp","href":"https:\/\/api.w.org\/{rel}","templated":true}]}}