{"id":8147,"date":"2023-10-02T09:21:31","date_gmt":"2023-10-02T15:21:31","guid":{"rendered":"https:\/\/congresogro.gob.mx\/63\/inicio\/?p=8147"},"modified":"2023-10-03T09:23:42","modified_gmt":"2023-10-03T15:23:42","slug":"es-fundamental-el-consenso-entre-la-poblacion-para-que-el-congreso-apruebe-los-ayuntamientos-instituyentes-de-las-vigas-y-san-nicolas-yoloczin-dominguez","status":"publish","type":"post","link":"https:\/\/congresogro.gob.mx\/63\/inicio\/2023\/10\/02\/es-fundamental-el-consenso-entre-la-poblacion-para-que-el-congreso-apruebe-los-ayuntamientos-instituyentes-de-las-vigas-y-san-nicolas-yoloczin-dominguez\/","title":{"rendered":"ES FUNDAMENTAL EL CONSENSO ENTRE LA POBLACI\u00d3N PARA QUE EL CONGRESO APRUEBE LOS AYUNTAMIENTOS INSTITUYENTES DE LAS VIGAS Y SAN NICOL\u00c1S: YOLOCZIN DOM\u00cdNGUEZ"},"content":{"rendered":"<p style=\"text-align: justify;\"><strong>Chilpancingo, Gro., 02 de octubre de 2023.-<\/strong> Para el Congreso del Estado es fundamental contar con el aval de la mayor\u00eda de habitantes para el adecuado proceso de nombramiento de los ayuntamientos instituyentes de San Nicol\u00e1s y Las Vigas, que garantice en todo momento la gobernabilidad.<\/p>\n<p style=\"text-align: justify;\">As\u00ed lo afirm\u00f3 la diputada Yoloczin Dom\u00ednguez Serna, presidenta de la Junta de Coordinaci\u00f3n Pol\u00edtica (Jucopo), misma que explic\u00f3 que la designaci\u00f3n de las y los integrantes de los cabildos es un trabajo conjunto entre el Poder Legislativo y los ciudadanos, siendo estos \u00faltimos en quienes recae la responsabilidad de lograr los consensos necesarios para la elaboraci\u00f3n de las planillas de autoridades instituyentes.<\/p>\n<p style=\"text-align: justify;\">\u201cNosotros seremos siempre respetuosos de lo que los municipios nos propongan; lamentablemente, tanto Las Vigas como San Nicol\u00e1s tienen opiniones encontradas, pues han presentado m\u00e1s de una planilla y, en algunas ocasiones, se han repetido firmas que se avalan en asamblea\u201d, extern\u00f3.<\/p>\n<p style=\"text-align: justify;\">Dom\u00ednguez Serna abund\u00f3 que estos procesos tienen que ser lo m\u00e1s transparentes posible, y con eso el Congreso coadyuva a generar \u201cgobernabilidad\u201d.<\/p>\n<p style=\"text-align: justify;\">En ese sentido, inform\u00f3 que para salvar los tiempos de designaci\u00f3n de los ayuntamientos instituyentes, la Jucopo propuso reformar la Ley Org\u00e1nica del Municipio Libre del Estado de Guerrero para homologarla con la Constituci\u00f3n Pol\u00edtica federal y estatal, estableciendo que las autoridades instituyentes de municipios de nueva creaci\u00f3n ejerzan sus funciones y facultades, luego de su nombramiento, hasta en tanto sean sustituidas por aquellas que resultaron electas en los comicios ordinarios inmediatos.<\/p>\n<p style=\"text-align: justify;\">Con lo anterior, agreg\u00f3, se garantiza que no haya preocupaci\u00f3n por parte de los municipios en el tema de la temporalidad, evitando premuras y facilitando el inicio de un nuevo proceso para los nombramientos, \u201csiempre de la mano con los municipios\u201d, asent\u00f3.<\/p>\n","protected":false},"excerpt":{"rendered":"<p>Chilpancingo, Gro., 02 de octubre de 2023.- Para el Congreso del Estado es fundamental contar con el aval de la mayor\u00eda de habitantes para el adecuado proceso de nombramiento de los ayuntamientos instituyentes de San Nicol\u00e1s y Las Vigas, que garantice en todo momento la gobernabilidad. As\u00ed lo afirm\u00f3 la diputada Yoloczin Dom\u00ednguez Serna, presidenta&#8230;<\/p>\n","protected":false},"author":1,"featured_media":8148,"comment_status":"closed","ping_status":"open","sticky":false,"template":"","format":"standard","meta":{"_monsterinsights_skip_tracking":false,"_monsterinsights_sitenote_active":false,"_monsterinsights_sitenote_note":"","_monsterinsights_sitenote_category":0,"footnotes":""},"categories":[3,15],"tags":[],"class_list":["post-8147","post","type-post","status-publish","format-standard","has-post-thumbnail","hentry","category-boletin","category-yoloczin-dominguez-serna"],"aioseo_notices":[],"_links":{"self":[{"href":"https:\/\/congresogro.gob.mx\/63\/inicio\/wp-json\/wp\/v2\/posts\/8147","targetHints":{"allow":["GET"]}}],"collection":[{"href":"https:\/\/congresogro.gob.mx\/63\/inicio\/wp-json\/wp\/v2\/posts"}],"about":[{"href":"https:\/\/congresogro.gob.mx\/63\/inicio\/wp-json\/wp\/v2\/types\/post"}],"author":[{"embeddable":true,"href":"https:\/\/congresogro.gob.mx\/63\/inicio\/wp-json\/wp\/v2\/users\/1"}],"replies":[{"embeddable":true,"href":"https:\/\/congresogro.gob.mx\/63\/inicio\/wp-json\/wp\/v2\/comments?post=8147"}],"version-history":[{"count":1,"href":"https:\/\/congresogro.gob.mx\/63\/inicio\/wp-json\/wp\/v2\/posts\/8147\/revisions"}],"predecessor-version":[{"id":8149,"href":"https:\/\/congresogro.gob.mx\/63\/inicio\/wp-json\/wp\/v2\/posts\/8147\/revisions\/8149"}],"wp:featuredmedia":[{"embeddable":true,"href":"https:\/\/congresogro.gob.mx\/63\/inicio\/wp-json\/wp\/v2\/media\/8148"}],"wp:attachment":[{"href":"https:\/\/congresogro.gob.mx\/63\/inicio\/wp-json\/wp\/v2\/media?parent=8147"}],"wp:term":[{"taxonomy":"category","embeddable":true,"href":"https:\/\/congresogro.gob.mx\/63\/inicio\/wp-json\/wp\/v2\/categories?post=8147"},{"taxonomy":"post_tag","embeddable":true,"href":"https:\/\/congresogro.gob.mx\/63\/inicio\/wp-json\/wp\/v2\/tags?post=8147"}],"curies":[{"name":"wp","href":"https:\/\/api.w.org\/{rel}","templated":true}]}}