{"id":8133,"date":"2023-10-01T09:18:19","date_gmt":"2023-10-01T15:18:19","guid":{"rendered":"https:\/\/congresogro.gob.mx\/63\/inicio\/?p=8133"},"modified":"2023-10-02T09:19:18","modified_gmt":"2023-10-02T15:19:18","slug":"analizan-reforma-al-sistema-de-seguridad-publica-para-regular-el-uso-de-tecnologias-de-la-informacion-y-comunicacion","status":"publish","type":"post","link":"https:\/\/congresogro.gob.mx\/63\/inicio\/2023\/10\/01\/analizan-reforma-al-sistema-de-seguridad-publica-para-regular-el-uso-de-tecnologias-de-la-informacion-y-comunicacion\/","title":{"rendered":"ANALIZAN REFORMA AL SISTEMA DE SEGURIDAD P\u00daBLICA PARA REGULAR EL USO DE TECNOLOG\u00cdAS DE LA INFORMACI\u00d3N Y COMUNICACI\u00d3N"},"content":{"rendered":"<p style=\"text-align: justify;\"><strong>Chilpancingo, Gro., 01 de octubre de 2023.- <\/strong>A la Comisi\u00f3n de Seguridad P\u00fablica del Congreso del Estado fue turnada una iniciativa de reforma y adiciones a la Ley del Sistema de Seguridad P\u00fablica del Estado para armonizar este ordenamiento con la Ley que Regula el Uso de Tecnolog\u00edas de la Informaci\u00f3n y Comunicaci\u00f3n para la Seguridad P\u00fablica del Estado, estableciendo las bases de coordinaci\u00f3n entre las instituciones de seguridad p\u00fablica estatales, los municipios y los prestadores de este servicio.<\/p>\n<p style=\"text-align: justify;\">Al explicar el sentido de su propuesta, el diputado Marco Tulio S\u00e1nchez Alarc\u00f3n indic\u00f3 que Guerrero no cuenta con una legislaci\u00f3n vigente que regule el uso de las tecnolog\u00edas para la seguridad p\u00fablica, lo cual deja en la ambig\u00fcedad legal la utilizaci\u00f3n de sistemas tecnol\u00f3gicos para la seguridad p\u00fablica, generando que no exista un criterio para la colocaci\u00f3n de un sistema de videovigilancia \u00fanico.<\/p>\n<p style=\"text-align: justify;\">El legislador plantea que la informaci\u00f3n contenida en registros nacionales de detenciones, armamento, equipo, personal de seguridad p\u00fablica y medidas cautelares, sumada a los datos del Ministerio P\u00fablico y las instituciones policiales de los tres \u00f3rdenes de gobierno relativas a la informaci\u00f3n criminal\u00edstica, huellas dactilares de personas sujetas a proceso o investigaci\u00f3n penal, sean un conjunto de datos que conformen el Sistema Estatal de Informaci\u00f3n.<\/p>\n<p style=\"text-align: justify;\">Abund\u00f3 que armonizar estos ordenamientos es para impulsar, coordinar, evaluar y determinar criterios para la organizaci\u00f3n, operaci\u00f3n y modernizaci\u00f3n tecnol\u00f3gica de las instituciones de seguridad p\u00fablica, conforme a lo establecido en la Ley de Uso de Tecnolog\u00edas, de modo que la informaci\u00f3n captada por los equipos y sistemas tecnol\u00f3gicos en materia de seguridad se puedan clasificar y resguardar, a fin de dar mejores resultados en materia de seguridad a la poblaci\u00f3n.<\/p>\n<p style=\"text-align: justify;\">S\u00e1nchez Alarc\u00f3n precis\u00f3 que estas modificaciones especifican que el Consejo Estatal de Seguridad P\u00fablica tendr\u00e1 las atribuciones de proponer, coordinar y ejecutar la implementaci\u00f3n de acciones en materia de uso de tecnolog\u00edas de la informaci\u00f3n y la comunicaci\u00f3n para la seguridad p\u00fablica.<\/p>\n<p style=\"text-align: justify;\">Adem\u00e1s, coordinarse con la Fiscal\u00eda o la autoridad municipal para la instalaci\u00f3n de equipos y sistemas tecnol\u00f3gicos; emitir el dictamen correspondiente de los equipos y sistemas tecnol\u00f3gicos en materia de seguridad p\u00fablica y operar, administrar y actualizar el Registro de Tecnolog\u00edas a trav\u00e9s del Centro de Control, Comando, Comunicaci\u00f3n, C\u00f3mputo y Calidad, entre otras acciones.<\/p>\n","protected":false},"excerpt":{"rendered":"<p>Chilpancingo, Gro., 01 de octubre de 2023.- A la Comisi\u00f3n de Seguridad P\u00fablica del Congreso del Estado fue turnada una iniciativa de reforma y adiciones a la Ley del Sistema de Seguridad P\u00fablica del Estado para armonizar este ordenamiento con la Ley que Regula el Uso de Tecnolog\u00edas de la Informaci\u00f3n y Comunicaci\u00f3n para la&#8230;<\/p>\n","protected":false},"author":1,"featured_media":8134,"comment_status":"closed","ping_status":"open","sticky":false,"template":"","format":"standard","meta":{"_monsterinsights_skip_tracking":false,"_monsterinsights_sitenote_active":false,"_monsterinsights_sitenote_note":"","_monsterinsights_sitenote_category":0,"footnotes":""},"categories":[3,51],"tags":[],"class_list":["post-8133","post","type-post","status-publish","format-standard","has-post-thumbnail","hentry","category-boletin","category-marco-tulio-sanchez"],"aioseo_notices":[],"_links":{"self":[{"href":"https:\/\/congresogro.gob.mx\/63\/inicio\/wp-json\/wp\/v2\/posts\/8133","targetHints":{"allow":["GET"]}}],"collection":[{"href":"https:\/\/congresogro.gob.mx\/63\/inicio\/wp-json\/wp\/v2\/posts"}],"about":[{"href":"https:\/\/congresogro.gob.mx\/63\/inicio\/wp-json\/wp\/v2\/types\/post"}],"author":[{"embeddable":true,"href":"https:\/\/congresogro.gob.mx\/63\/inicio\/wp-json\/wp\/v2\/users\/1"}],"replies":[{"embeddable":true,"href":"https:\/\/congresogro.gob.mx\/63\/inicio\/wp-json\/wp\/v2\/comments?post=8133"}],"version-history":[{"count":1,"href":"https:\/\/congresogro.gob.mx\/63\/inicio\/wp-json\/wp\/v2\/posts\/8133\/revisions"}],"predecessor-version":[{"id":8135,"href":"https:\/\/congresogro.gob.mx\/63\/inicio\/wp-json\/wp\/v2\/posts\/8133\/revisions\/8135"}],"wp:featuredmedia":[{"embeddable":true,"href":"https:\/\/congresogro.gob.mx\/63\/inicio\/wp-json\/wp\/v2\/media\/8134"}],"wp:attachment":[{"href":"https:\/\/congresogro.gob.mx\/63\/inicio\/wp-json\/wp\/v2\/media?parent=8133"}],"wp:term":[{"taxonomy":"category","embeddable":true,"href":"https:\/\/congresogro.gob.mx\/63\/inicio\/wp-json\/wp\/v2\/categories?post=8133"},{"taxonomy":"post_tag","embeddable":true,"href":"https:\/\/congresogro.gob.mx\/63\/inicio\/wp-json\/wp\/v2\/tags?post=8133"}],"curies":[{"name":"wp","href":"https:\/\/api.w.org\/{rel}","templated":true}]}}