{"id":8100,"date":"2023-09-27T09:24:25","date_gmt":"2023-09-27T15:24:25","guid":{"rendered":"https:\/\/congresogro.gob.mx\/63\/inicio\/?p=8100"},"modified":"2023-09-28T09:26:11","modified_gmt":"2023-09-28T15:26:11","slug":"proponen-establecer-pensiones-y-becas-en-la-constitucion-politica-local","status":"publish","type":"post","link":"https:\/\/congresogro.gob.mx\/63\/inicio\/2023\/09\/27\/proponen-establecer-pensiones-y-becas-en-la-constitucion-politica-local\/","title":{"rendered":"PROPONEN ESTABLECER PENSIONES Y  BECAS EN LA CONSTITUCI\u00d3N POL\u00cdTICA LOCAL"},"content":{"rendered":"<p style=\"text-align: justify;\"><strong>Chilpancingo, Gro., 27 de septiembre de 2023.- <\/strong>El diputado Antonio Helguera Jim\u00e9nez present\u00f3 una iniciativa de reforma y adiciones a la Constituci\u00f3n Pol\u00edtica del Estado para armonizar este ordenamiento con la Constituci\u00f3n Pol\u00edtica Federal en materia de pensiones a los adultos mayores y personas con discapacidad permanente, as\u00ed como becas para alumnos de todos los niveles de educaci\u00f3n p\u00fablica.<\/p>\n<p style=\"text-align: justify;\">El legislador explic\u00f3 que estas acciones y pol\u00edticas p\u00fablicas en favor de los grupos vulnerables se encuentran plasmadas ya en las leyes secundarias locales en materia de Derechos de las Personas Adultas Mayores, Desarrollo Social, Para las Personas con Discapacidad y Para la Protecci\u00f3n de los Derechos de Ni\u00f1as, Ni\u00f1os y Adolescentes; sin embargo, consider\u00f3 importante que se plasmen en la Carta Magna local, para que adquieran un principio constitucional.<\/p>\n<p style=\"text-align: justify;\">Abund\u00f3 que plasmar estos apoyos en dicho ordenamiento garantizar\u00e1 la obligatoriedad, igualdad, no discriminaci\u00f3n y enfoque de derechos humanos y de protecci\u00f3n social, a efecto de que los adultos mayores, las personas con discapacidad y dem\u00e1s sectores vulnerables que ya cuentan con alg\u00fan programa social, puedan disfrutar de todos los derechos previstos en las Constituciones federal y local, as\u00ed como en los Tratados Internacionales, que les permita gozar de una vida digna y decorosa.<\/p>\n<p style=\"text-align: justify;\">Helguera Jim\u00e9nez subray\u00f3 que con esta iniciativa tambi\u00e9n se prev\u00e9 garantizar lo que dice la Ley de Desarrollo Social del Estado de Guerrero, que los programas concernientes al Gobierno del Estado se deber\u00e1n reflejar en el Presupuesto de Egresos, a fin de procurar la atenci\u00f3n, promoci\u00f3n y ampliaci\u00f3n de oportunidades de acceso al bienestar integral para estos grupos.<\/p>\n<p style=\"text-align: justify;\">El legislador propone adicionar a la Constituci\u00f3n el apoyo econ\u00f3mico mediante pensi\u00f3n no contributiva a los adultos mayores, en los t\u00e9rminos que fije la Ley n\u00famero 375 de los Derechos de las Personas Adultas Mayores del Estado.<\/p>\n<p style=\"text-align: justify;\">Asimismo, garantizar la entrega de un apoyo econ\u00f3mico a las personas que tengan discapacidad permanente en los t\u00e9rminos que fije la ley en la materia, dando prioridad a menores de 18 a\u00f1os, a las y los ind\u00edgenas y afromexicanos hasta la edad de 64 a\u00f1os, y a personas que se encuentren en condici\u00f3n de pobreza.<\/p>\n<p style=\"text-align: justify;\">De la misma forma, plantea establecer un sistema estatal de becas para estudiantes de cada nivel, grado o fin educativo del Sistema de Educaci\u00f3n P\u00fablica, que garantice el derecho social a la educaci\u00f3n b\u00e1sica de las ni\u00f1as y ni\u00f1os, en especial de quienes por situaci\u00f3n de pobreza requieran de la ayuda econ\u00f3mica del Estado.<\/p>\n<p style=\"text-align: justify;\">Esta iniciativa de reforma y adici\u00f3n a la Constituci\u00f3n Pol\u00edtica del Estado de Guerrero fue turnada a la Comisi\u00f3n de Estudios Constitucionales y Jur\u00eddicos, para su an\u00e1lisis y emisi\u00f3n de dictamen.<\/p>\n","protected":false},"excerpt":{"rendered":"<p>Chilpancingo, Gro., 27 de septiembre de 2023.- El diputado Antonio Helguera Jim\u00e9nez present\u00f3 una iniciativa de reforma y adiciones a la Constituci\u00f3n Pol\u00edtica del Estado para armonizar este ordenamiento con la Constituci\u00f3n Pol\u00edtica Federal en materia de pensiones a los adultos mayores y personas con discapacidad permanente, as\u00ed como becas para alumnos de todos los&#8230;<\/p>\n","protected":false},"author":1,"featured_media":8101,"comment_status":"closed","ping_status":"open","sticky":false,"template":"","format":"standard","meta":{"_monsterinsights_skip_tracking":false,"_monsterinsights_sitenote_active":false,"_monsterinsights_sitenote_note":"","_monsterinsights_sitenote_category":0,"footnotes":""},"categories":[17,3],"tags":[],"class_list":["post-8100","post","type-post","status-publish","format-standard","has-post-thumbnail","hentry","category-antonio-helguera-jimenez","category-boletin"],"aioseo_notices":[],"_links":{"self":[{"href":"https:\/\/congresogro.gob.mx\/63\/inicio\/wp-json\/wp\/v2\/posts\/8100","targetHints":{"allow":["GET"]}}],"collection":[{"href":"https:\/\/congresogro.gob.mx\/63\/inicio\/wp-json\/wp\/v2\/posts"}],"about":[{"href":"https:\/\/congresogro.gob.mx\/63\/inicio\/wp-json\/wp\/v2\/types\/post"}],"author":[{"embeddable":true,"href":"https:\/\/congresogro.gob.mx\/63\/inicio\/wp-json\/wp\/v2\/users\/1"}],"replies":[{"embeddable":true,"href":"https:\/\/congresogro.gob.mx\/63\/inicio\/wp-json\/wp\/v2\/comments?post=8100"}],"version-history":[{"count":1,"href":"https:\/\/congresogro.gob.mx\/63\/inicio\/wp-json\/wp\/v2\/posts\/8100\/revisions"}],"predecessor-version":[{"id":8103,"href":"https:\/\/congresogro.gob.mx\/63\/inicio\/wp-json\/wp\/v2\/posts\/8100\/revisions\/8103"}],"wp:featuredmedia":[{"embeddable":true,"href":"https:\/\/congresogro.gob.mx\/63\/inicio\/wp-json\/wp\/v2\/media\/8101"}],"wp:attachment":[{"href":"https:\/\/congresogro.gob.mx\/63\/inicio\/wp-json\/wp\/v2\/media?parent=8100"}],"wp:term":[{"taxonomy":"category","embeddable":true,"href":"https:\/\/congresogro.gob.mx\/63\/inicio\/wp-json\/wp\/v2\/categories?post=8100"},{"taxonomy":"post_tag","embeddable":true,"href":"https:\/\/congresogro.gob.mx\/63\/inicio\/wp-json\/wp\/v2\/tags?post=8100"}],"curies":[{"name":"wp","href":"https:\/\/api.w.org\/{rel}","templated":true}]}}