{"id":8097,"date":"2023-09-27T09:18:11","date_gmt":"2023-09-27T15:18:11","guid":{"rendered":"https:\/\/congresogro.gob.mx\/63\/inicio\/?p=8097"},"modified":"2023-09-28T09:24:11","modified_gmt":"2023-09-28T15:24:11","slug":"plantean-reforma-a-la-ley-de-educacion-para-establecer-la-beca-universal-en-el-nivel-basico","status":"publish","type":"post","link":"https:\/\/congresogro.gob.mx\/63\/inicio\/2023\/09\/27\/plantean-reforma-a-la-ley-de-educacion-para-establecer-la-beca-universal-en-el-nivel-basico\/","title":{"rendered":"PLANTEAN REFORMA A LA LEY DE EDUCACI\u00d3N PARA  ESTABLECER LA BECA UNIVERSAL EN EL NIVEL B\u00c1SICO"},"content":{"rendered":"<p style=\"text-align: justify;\"><strong>Chilpancingo, Gro., 27 de septiembre de 2023.- <\/strong>La diputada <a href=\"https:\/\/www.facebook.com\/BeatrizMojicaM?__cft__%5b0%5d=AZWdJojWzt-ZiSHMiefqfHS0p8ljFkcHXaDYVjvJKnNL0PScv-bfj1hcES9-YtLOBdPz0QYr0B0i3FKN7uLz3F4DATJr_hWFwBqUz6hWNcsnG8_br_86ditbId0jgw3_d7NbGq6wAChT-H8nWzQzYPn_5f4wuICCTwu7JD8lP1uX3NR1LrEOSqvrsGJ9PQ11wDk&amp;__tn__=-%5dK-R\">Beatriz Mojica<\/a> Morga propuso reformar la Ley de Educaci\u00f3n del Estado para establecer el derecho a una beca universal en favor de las ni\u00f1as y ni\u00f1os de los niveles prescolar, primaria y secundaria, que les permita la permanencia, el desarrollo y la terminaci\u00f3n de la educaci\u00f3n b\u00e1sica.<\/p>\n<p style=\"text-align: justify;\">En su propuesta, la legisladora destaca que uno de los principales factores de deserci\u00f3n escolar en Guerrero fue la pandemia de Covid-19, que dej\u00f3 vulnerables a muchas familias, quienes dejaron de llevar a sus hijos a la escuela por falta de recurso econ\u00f3micos.<\/p>\n<p style=\"text-align: justify;\">\u201cComo sociedad y como representantes populares debemos ver que la situaci\u00f3n de rezago educativo afecta principalmente a la infancia, perturba su vida, limita su desarrollo y elimina su crecimiento, por lo que la propuesta de crear y entregar una beca universal desde el nivel prescolar y hasta la secundaria, disminuir\u00e1 las condiciones cr\u00edticas de situaci\u00f3n personal y familiar, para la continuaci\u00f3n de sus estudios\u201d, resalt\u00f3.<\/p>\n<p style=\"text-align: justify;\">En relaci\u00f3n con lo anterior, expuso que hay ejemplos exitosos en el pa\u00eds, como \u201cMi beca para empezar\u201d de la Ciudad de M\u00e9xico, programa que inici\u00f3 en 2019 y ya fue reconocido por la UNICEF, mismo que se puede replicar en Guerrero para ayudar a disminuir las brechas de desigualdad infantil, fortalecer el ingreso de las familias y erradicar la deserci\u00f3n escolar.<\/p>\n<p style=\"text-align: justify;\">A\u00f1adi\u00f3 que la educaci\u00f3n es un derecho humano fundamental y puede ser garantizado a trav\u00e9s de un sistema de becas, lo cual no implica un gasto, sino una gran inversi\u00f3n para el futuro del estado.<\/p>\n<p style=\"text-align: justify;\">\u201cSi queremos que nuestra sociedad progrese, es necesario invertir en la educaci\u00f3n de las ni\u00f1as y ni\u00f1os de Guerrero\u201d, enfatiz\u00f3.<\/p>\n<p style=\"text-align: justify;\">De aprobarse esta propuesta, indic\u00f3 Mojica Morga, se estar\u00eda beneficiando a 790 mil 529 alumnos que cursan desde el nivel prescolar hasta la secundaria en el sistema p\u00fablico, coadyuvando a reducir la delincuencia y la violencia, mejorar las aptitudes de las ni\u00f1as y los ni\u00f1os, y conducirlos a mejores niveles en su vida profesional futura.<\/p>\n","protected":false},"excerpt":{"rendered":"<p>Chilpancingo, Gro., 27 de septiembre de 2023.- La diputada Beatriz Mojica Morga propuso reformar la Ley de Educaci\u00f3n del Estado para establecer el derecho a una beca universal en favor de las ni\u00f1as y ni\u00f1os de los niveles prescolar, primaria y secundaria, que les permita la permanencia, el desarrollo y la terminaci\u00f3n de la educaci\u00f3n&#8230;<\/p>\n","protected":false},"author":1,"featured_media":8098,"comment_status":"closed","ping_status":"open","sticky":false,"template":"","format":"standard","meta":{"_monsterinsights_skip_tracking":false,"_monsterinsights_sitenote_active":false,"_monsterinsights_sitenote_note":"","_monsterinsights_sitenote_category":0,"footnotes":""},"categories":[13,3],"tags":[],"class_list":["post-8097","post","type-post","status-publish","format-standard","has-post-thumbnail","hentry","category-beatriz-mojica-morga","category-boletin"],"aioseo_notices":[],"_links":{"self":[{"href":"https:\/\/congresogro.gob.mx\/63\/inicio\/wp-json\/wp\/v2\/posts\/8097","targetHints":{"allow":["GET"]}}],"collection":[{"href":"https:\/\/congresogro.gob.mx\/63\/inicio\/wp-json\/wp\/v2\/posts"}],"about":[{"href":"https:\/\/congresogro.gob.mx\/63\/inicio\/wp-json\/wp\/v2\/types\/post"}],"author":[{"embeddable":true,"href":"https:\/\/congresogro.gob.mx\/63\/inicio\/wp-json\/wp\/v2\/users\/1"}],"replies":[{"embeddable":true,"href":"https:\/\/congresogro.gob.mx\/63\/inicio\/wp-json\/wp\/v2\/comments?post=8097"}],"version-history":[{"count":1,"href":"https:\/\/congresogro.gob.mx\/63\/inicio\/wp-json\/wp\/v2\/posts\/8097\/revisions"}],"predecessor-version":[{"id":8099,"href":"https:\/\/congresogro.gob.mx\/63\/inicio\/wp-json\/wp\/v2\/posts\/8097\/revisions\/8099"}],"wp:featuredmedia":[{"embeddable":true,"href":"https:\/\/congresogro.gob.mx\/63\/inicio\/wp-json\/wp\/v2\/media\/8098"}],"wp:attachment":[{"href":"https:\/\/congresogro.gob.mx\/63\/inicio\/wp-json\/wp\/v2\/media?parent=8097"}],"wp:term":[{"taxonomy":"category","embeddable":true,"href":"https:\/\/congresogro.gob.mx\/63\/inicio\/wp-json\/wp\/v2\/categories?post=8097"},{"taxonomy":"post_tag","embeddable":true,"href":"https:\/\/congresogro.gob.mx\/63\/inicio\/wp-json\/wp\/v2\/tags?post=8097"}],"curies":[{"name":"wp","href":"https:\/\/api.w.org\/{rel}","templated":true}]}}