{"id":796,"date":"2021-10-24T14:40:53","date_gmt":"2021-10-24T14:40:53","guid":{"rendered":"https:\/\/congresogro.gob.mx\/63\/inicio\/?p=796"},"modified":"2021-10-25T14:41:58","modified_gmt":"2021-10-25T14:41:58","slug":"se-privilegiaron-los-consensos-y-equilibrios-en-la-integracion-de-comisiones-diputada-yanelly-hernandez","status":"publish","type":"post","link":"https:\/\/congresogro.gob.mx\/63\/inicio\/2021\/10\/24\/se-privilegiaron-los-consensos-y-equilibrios-en-la-integracion-de-comisiones-diputada-yanelly-hernandez\/","title":{"rendered":"SE PRIVILEGIARON LOS CONSENSOS Y EQUILIBRIOS EN LA INTEGRACI\u00d3N DE COMISIONES: DIPUTADA YANELLY HERN\u00c1NDEZ"},"content":{"rendered":"<p style=\"text-align: justify;\"><strong>Chilpancingo, Gro., 24 de octubre de 2021.- <\/strong>La diputada Yanelly Hern\u00e1ndez Mart\u00ednez celebr\u00f3 que se hayan logrado los consensos necesarios para la conformaci\u00f3n de las comisiones y comit\u00e9s legislativos, aclarando que la tardanza de este proceso se debi\u00f3 a la b\u00fasqueda de equilibrios entre todas las fuerzas pol\u00edticas y a un arduo an\u00e1lisis de los perfiles de las y los legisladores que los integran.<\/p>\n<p style=\"text-align: justify;\">La diputada integrante del Grupo Parlamentario del PRD precis\u00f3 que siempre pugnaron por que la integraci\u00f3n de estos \u00f3rganos dictaminadores se desarrollara en un marco de institucionalidad, asumiendo el compromiso para que en base a sus perfiles y experiencia formaran parte de las distintas comisiones y comit\u00e9s, de modo que sean funcionales y saquen a flote los asuntos turnados por la Mesa Directiva, siempre viendo por el bien de sus representados.<\/p>\n<p style=\"text-align: justify;\">Mencion\u00f3 que si bien es cierto hay legisladores capaces de desarrollar el proceso de an\u00e1lisis y dictaminaci\u00f3n de diversos asuntos, no son \u201ctod\u00f3logos\u201d y deben apoyarse de un cuerpo asesores, quienes sin duda coadyuvan a sacar mejores dict\u00e1menes y mejorar las leyes en pro de la sociedad.<\/p>\n<p style=\"text-align: justify;\">Por otro lado, Hern\u00e1ndez Mart\u00ednez reconoci\u00f3 los avances que ha tenido el Congreso en materia de paridad de g\u00e9nero, lo cual se ve reflejado en la integraci\u00f3n de las comisiones y comit\u00e9s, y pondr\u00e1 de manifiesto que las mujeres cuentan con el conocimiento, preparaci\u00f3n y valent\u00eda para estar al frente.<\/p>\n<p style=\"text-align: justify;\">\u201cEs el momento de demostrar a la ciudadan\u00eda que podemos estar en cargos p\u00fablicos de toda \u00edndole y ser parte esencial del cambio, porque adem\u00e1s de preparaci\u00f3n, las mujeres tenemos oficio pol\u00edtico y visi\u00f3n para servir a las y los guerrerenses\u201d, apunt\u00f3.<\/p>\n","protected":false},"excerpt":{"rendered":"<p>Chilpancingo, Gro., 24 de octubre de 2021.- La diputada Yanelly Hern\u00e1ndez Mart\u00ednez celebr\u00f3 que se hayan logrado los consensos necesarios para la conformaci\u00f3n de las comisiones y comit\u00e9s legislativos, aclarando que la tardanza de este proceso se debi\u00f3 a la b\u00fasqueda de equilibrios entre todas las fuerzas pol\u00edticas y a un arduo an\u00e1lisis de los&#8230;<\/p>\n","protected":false},"author":1,"featured_media":797,"comment_status":"closed","ping_status":"open","sticky":false,"template":"","format":"standard","meta":{"_monsterinsights_skip_tracking":false,"_monsterinsights_sitenote_active":false,"_monsterinsights_sitenote_note":"","_monsterinsights_sitenote_category":0,"footnotes":""},"categories":[3,18],"tags":[],"class_list":["post-796","post","type-post","status-publish","format-standard","has-post-thumbnail","hentry","category-boletin","category-yanelly-hernandez-martinez"],"aioseo_notices":[],"_links":{"self":[{"href":"https:\/\/congresogro.gob.mx\/63\/inicio\/wp-json\/wp\/v2\/posts\/796","targetHints":{"allow":["GET"]}}],"collection":[{"href":"https:\/\/congresogro.gob.mx\/63\/inicio\/wp-json\/wp\/v2\/posts"}],"about":[{"href":"https:\/\/congresogro.gob.mx\/63\/inicio\/wp-json\/wp\/v2\/types\/post"}],"author":[{"embeddable":true,"href":"https:\/\/congresogro.gob.mx\/63\/inicio\/wp-json\/wp\/v2\/users\/1"}],"replies":[{"embeddable":true,"href":"https:\/\/congresogro.gob.mx\/63\/inicio\/wp-json\/wp\/v2\/comments?post=796"}],"version-history":[{"count":1,"href":"https:\/\/congresogro.gob.mx\/63\/inicio\/wp-json\/wp\/v2\/posts\/796\/revisions"}],"predecessor-version":[{"id":798,"href":"https:\/\/congresogro.gob.mx\/63\/inicio\/wp-json\/wp\/v2\/posts\/796\/revisions\/798"}],"wp:featuredmedia":[{"embeddable":true,"href":"https:\/\/congresogro.gob.mx\/63\/inicio\/wp-json\/wp\/v2\/media\/797"}],"wp:attachment":[{"href":"https:\/\/congresogro.gob.mx\/63\/inicio\/wp-json\/wp\/v2\/media?parent=796"}],"wp:term":[{"taxonomy":"category","embeddable":true,"href":"https:\/\/congresogro.gob.mx\/63\/inicio\/wp-json\/wp\/v2\/categories?post=796"},{"taxonomy":"post_tag","embeddable":true,"href":"https:\/\/congresogro.gob.mx\/63\/inicio\/wp-json\/wp\/v2\/tags?post=796"}],"curies":[{"name":"wp","href":"https:\/\/api.w.org\/{rel}","templated":true}]}}