{"id":793,"date":"2021-10-22T14:39:50","date_gmt":"2021-10-22T14:39:50","guid":{"rendered":"https:\/\/congresogro.gob.mx\/63\/inicio\/?p=793"},"modified":"2021-10-25T14:40:40","modified_gmt":"2021-10-25T14:40:40","slug":"comisiones-y-comites-legislativos-cumplen-con-la-proporcionalidad-politica-pero-sobre-todo-la-paridad-de-genero-celebra-diputado-sanchez-esquivel","status":"publish","type":"post","link":"https:\/\/congresogro.gob.mx\/63\/inicio\/2021\/10\/22\/comisiones-y-comites-legislativos-cumplen-con-la-proporcionalidad-politica-pero-sobre-todo-la-paridad-de-genero-celebra-diputado-sanchez-esquivel\/","title":{"rendered":"COMISIONES Y COMIT\u00c9S LEGISLATIVOS CUMPLEN CON LA PROPORCIONALIDAD POL\u00cdTICA, PERO SOBRE TODO LA PARIDAD DE G\u00c9NERO, CELEBRA DIPUTADO S\u00c1NCHEZ ESQUIVEL"},"content":{"rendered":"<p style=\"text-align: justify;\"><strong>Chilpancingo, Gro., 22 de octubre de 2021.-<\/strong> En un hecho hist\u00f3rico para el Congreso de Guerrero, sus comisiones y comit\u00e9s quedaron integrados de manera paritaria, asegur\u00f3 el diputado Alfredo S\u00e1nchez Esquivel, presidente de la Junta de Coordinaci\u00f3n Pol\u00edtica (Jucopo).<\/p>\n<p style=\"text-align: justify;\">Indic\u00f3 que, incluso, en una peque\u00f1a proporci\u00f3n las mujeres obtuvieron mayor representaci\u00f3n, pues 20 de ellas presiden comisiones y los varones s\u00f3lo 14, m\u00e1s los cinco comit\u00e9s ordinarios, con lo que estar\u00edan 20 a 19.<\/p>\n<p style=\"text-align: justify;\">Adem\u00e1s, dijo que para la conformaci\u00f3n de comisiones y comit\u00e9s se sigui\u00f3 no s\u00f3lo el principio de paridad en secretar\u00edas y vocal\u00edas, sino que se consideraron las capacidades, experiencia y perfiles de cada diputada y diputado para la asignaci\u00f3n de estos espacios.<\/p>\n<p style=\"text-align: justify;\">\u201cSe vive una etapa en Guerrero que es producto de una ardua lucha de las mujeres por el empoderamiento, hecho que feministas como un servidor celebramos porque reconocemos que en ellas hay las mismas y mayores capacidades, adem\u00e1s de la sensibilidad propia del g\u00e9nero, que servir\u00e1 para resolver la hist\u00f3rica problem\u00e1tica de Guerrero\u201d, apunt\u00f3 el legislador.<\/p>\n<p style=\"text-align: justify;\">Reiter\u00f3 que la integraci\u00f3n de comisiones no es cuesti\u00f3n de ambiciones ni avasallamiento pol\u00edtico, ni mucho menos de ego\u00edsmo, y que se respetaron las proporcionalidades porque el Congreso es un \u00f3rgano plural que representa los intereses del pueblo de Guerrero, no de los partidos pol\u00edticos.<\/p>\n<p style=\"text-align: justify;\">Adem\u00e1s, insisti\u00f3 que el Congreso, por naturaleza, es un espacio en que se hace pol\u00edtica, se consensa y se construyen acuerdos que permitan avanzar con el trabajo legislativo y dar respuesta a las demandas sociales.<\/p>\n<p style=\"text-align: justify;\">Sobre el trabajo de las comisiones, el diputado manifest\u00f3 que de acuerdo con la Ley Org\u00e1nica del Poder Legislativo del Estado, \u00e9stas cuentan con diez d\u00edas h\u00e1biles para su instalaci\u00f3n y 5 d\u00edas m\u00e1s para la presentaci\u00f3n de sus planes de trabajo, con lo que se estar\u00e1n en condiciones de desahogar los asuntos que les turne la Mesa Directiva.<\/p>\n","protected":false},"excerpt":{"rendered":"<p>Chilpancingo, Gro., 22 de octubre de 2021.- En un hecho hist\u00f3rico para el Congreso de Guerrero, sus comisiones y comit\u00e9s quedaron integrados de manera paritaria, asegur\u00f3 el diputado Alfredo S\u00e1nchez Esquivel, presidente de la Junta de Coordinaci\u00f3n Pol\u00edtica (Jucopo). Indic\u00f3 que, incluso, en una peque\u00f1a proporci\u00f3n las mujeres obtuvieron mayor representaci\u00f3n, pues 20 de ellas&#8230;<\/p>\n","protected":false},"author":1,"featured_media":794,"comment_status":"closed","ping_status":"open","sticky":false,"template":"","format":"standard","meta":{"_monsterinsights_skip_tracking":false,"_monsterinsights_sitenote_active":false,"_monsterinsights_sitenote_note":"","_monsterinsights_sitenote_category":0,"footnotes":""},"categories":[4,3],"tags":[],"class_list":["post-793","post","type-post","status-publish","format-standard","has-post-thumbnail","hentry","category-alfredo-sanchez-esquivel","category-boletin"],"aioseo_notices":[],"_links":{"self":[{"href":"https:\/\/congresogro.gob.mx\/63\/inicio\/wp-json\/wp\/v2\/posts\/793","targetHints":{"allow":["GET"]}}],"collection":[{"href":"https:\/\/congresogro.gob.mx\/63\/inicio\/wp-json\/wp\/v2\/posts"}],"about":[{"href":"https:\/\/congresogro.gob.mx\/63\/inicio\/wp-json\/wp\/v2\/types\/post"}],"author":[{"embeddable":true,"href":"https:\/\/congresogro.gob.mx\/63\/inicio\/wp-json\/wp\/v2\/users\/1"}],"replies":[{"embeddable":true,"href":"https:\/\/congresogro.gob.mx\/63\/inicio\/wp-json\/wp\/v2\/comments?post=793"}],"version-history":[{"count":1,"href":"https:\/\/congresogro.gob.mx\/63\/inicio\/wp-json\/wp\/v2\/posts\/793\/revisions"}],"predecessor-version":[{"id":795,"href":"https:\/\/congresogro.gob.mx\/63\/inicio\/wp-json\/wp\/v2\/posts\/793\/revisions\/795"}],"wp:featuredmedia":[{"embeddable":true,"href":"https:\/\/congresogro.gob.mx\/63\/inicio\/wp-json\/wp\/v2\/media\/794"}],"wp:attachment":[{"href":"https:\/\/congresogro.gob.mx\/63\/inicio\/wp-json\/wp\/v2\/media?parent=793"}],"wp:term":[{"taxonomy":"category","embeddable":true,"href":"https:\/\/congresogro.gob.mx\/63\/inicio\/wp-json\/wp\/v2\/categories?post=793"},{"taxonomy":"post_tag","embeddable":true,"href":"https:\/\/congresogro.gob.mx\/63\/inicio\/wp-json\/wp\/v2\/tags?post=793"}],"curies":[{"name":"wp","href":"https:\/\/api.w.org\/{rel}","templated":true}]}}