{"id":790,"date":"2021-10-22T14:38:32","date_gmt":"2021-10-22T14:38:32","guid":{"rendered":"https:\/\/congresogro.gob.mx\/63\/inicio\/?p=790"},"modified":"2021-10-25T14:39:43","modified_gmt":"2021-10-25T14:39:43","slug":"llama-diputada-garcia-lucena-a-inculcar-desde-la-ninez-el-respeto-por-todas-las-personas-en-el-marco-de-seminario-sobre-tartamudez","status":"publish","type":"post","link":"https:\/\/congresogro.gob.mx\/63\/inicio\/2021\/10\/22\/llama-diputada-garcia-lucena-a-inculcar-desde-la-ninez-el-respeto-por-todas-las-personas-en-el-marco-de-seminario-sobre-tartamudez\/","title":{"rendered":"LLAMA DIPUTADA GARC\u00cdA LUCENA A INCULCAR DESDE LA NI\u00d1EZ EL RESPETO POR TODAS LAS PERSONAS, EN EL MARCO DE SEMINARIO SOBRE TARTAMUDEZ"},"content":{"rendered":"<p style=\"text-align: justify;\"><strong>Chilpancingo, Gro., 22 de octubre de 2021.-<\/strong> Para tener una sociedad m\u00e1s incluyente se debe inculcar desde la ni\u00f1ez el respeto por las personas que tienen diferentes condiciones, entre ellas la tartamudez, consider\u00f3 la diputada Jennyfer Garc\u00eda Lucena al inaugurar el primer \u201cSeminario en el D\u00eda Internacional por la Conciencia de la Tartamudez\u201d.<\/p>\n<p style=\"text-align: justify;\">En el evento realizado en las instalaciones del Congreso del Estado, este viernes, la legisladora manifest\u00f3 que quienes padecen la condici\u00f3n de tartamudez son v\u00edctimas de burla desde peque\u00f1os, lo que afecta su buen desarrollo.<\/p>\n<p style=\"text-align: justify;\">En ese sentido, refiri\u00f3 que es necesario inculcar en los menores y adolescentes una cultura de valores sobre esta condici\u00f3n desde el seno familiar y hasta en las instituciones educativas, que coadyuve a que este sector se exprese, sea escuchado, pero sobre todo sea atendido.<\/p>\n<p style=\"text-align: justify;\">La legisladora lament\u00f3 que en la entidad no se conozca mucho sobre esta condici\u00f3n y se le considere como una discapacidad, haciendo incompetentes a quienes la padecen; siendo todo lo contrario, porque estas personas tienen todas las posibilidades de salir adelante, y de eso ella es la prueba.<\/p>\n<p style=\"text-align: justify;\">Garc\u00eda Lucena hizo el compromiso de que, como legisladora, se encargar\u00e1 de que se brinde la informaci\u00f3n necesaria acerca de este padecimiento, a trav\u00e9s de seminarios como \u00e9ste, y hacer lo necesario para que este sector sea mejor incorporado a la sociedad y puedan ser exitosas.<\/p>\n<p style=\"text-align: justify;\">En su intervenci\u00f3n, la investigadora Perla Ernest, fundadora y coordinadora del \u201cProyecto Ernest\u201d, dedicado a buscar una soluci\u00f3n a la tartamudez con un modelo basado en el \u201cser, hacer y tener\u201d de la Organizaci\u00f3n de las Naciones Unidas para la Educaci\u00f3n, la Ciencia y la Cultura (Unesco), se pronunci\u00f3 por que quienes no tengan esta condici\u00f3n usen su voz para ayudar a quienes s\u00ed la tienen, en busca de formar una sociedad diferente.<\/p>\n<p style=\"text-align: justify;\">\u201cSi una persona con tartamudez puede comunicar desde el coraz\u00f3n, las que no tienen esa dificultad usan su voz para hacer equipo, para que las familias se unan, para que su trabajo sea excelente y nuestro pa\u00eds sea mejor\u201d, apunt\u00f3.<\/p>\n<p style=\"text-align: justify;\">Durante el seminario se presentaron las conferencias magistrales \u201cDespertando magn\u00e1nimamente al conectar\u201d, \u201cActualidades en la tartamudez\u201d, \u201cCuando ser fuerte es la \u00fanica opci\u00f3n\u201d, \u201cIn-Fluency. Tratando la Tartamudez en la edad pedi\u00e1trica con efectividad y afectividad\u201d, \u201cLa mente y la conciencia humana\u201d y \u201cM\u00e9xico diverso. Un espacio de lenguaje multicultural\u201d.<\/p>\n<p style=\"text-align: justify;\">Asimismo, se desarroll\u00f3 la mesa de di\u00e1logo \u201cTransformando la tartamudez a comunicaci\u00f3n asertiva y liderazgo consciente\u201d y los paneles \u201cRetos y desaf\u00edos para sociedades incluyentes\u201d, \u201cMi humanidad me da derechos\u201d, \u201cEs un regalo diferente\u201d y \u201cLa toma de conciencia como herramienta a la inclusi\u00f3n\u201d.<\/p>\n<p style=\"text-align: justify;\">Al seminario que estuvo impartido por destacados especialistas, asistieron las diputadas Leticia Castro Ortiz, Patricia Doroteo Calder\u00f3n y Susana Paola Ju\u00e1rez G\u00f3mez.<\/p>\n","protected":false},"excerpt":{"rendered":"<p>Chilpancingo, Gro., 22 de octubre de 2021.- Para tener una sociedad m\u00e1s incluyente se debe inculcar desde la ni\u00f1ez el respeto por las personas que tienen diferentes condiciones, entre ellas la tartamudez, consider\u00f3 la diputada Jennyfer Garc\u00eda Lucena al inaugurar el primer \u201cSeminario en el D\u00eda Internacional por la Conciencia de la Tartamudez\u201d. En el&#8230;<\/p>\n","protected":false},"author":1,"featured_media":791,"comment_status":"closed","ping_status":"open","sticky":false,"template":"","format":"standard","meta":{"_monsterinsights_skip_tracking":false,"_monsterinsights_sitenote_active":false,"_monsterinsights_sitenote_note":"","_monsterinsights_sitenote_category":0,"footnotes":""},"categories":[3,35],"tags":[],"class_list":["post-790","post","type-post","status-publish","format-standard","has-post-thumbnail","hentry","category-boletin","category-jennyfer-garcia-lucena"],"aioseo_notices":[],"_links":{"self":[{"href":"https:\/\/congresogro.gob.mx\/63\/inicio\/wp-json\/wp\/v2\/posts\/790","targetHints":{"allow":["GET"]}}],"collection":[{"href":"https:\/\/congresogro.gob.mx\/63\/inicio\/wp-json\/wp\/v2\/posts"}],"about":[{"href":"https:\/\/congresogro.gob.mx\/63\/inicio\/wp-json\/wp\/v2\/types\/post"}],"author":[{"embeddable":true,"href":"https:\/\/congresogro.gob.mx\/63\/inicio\/wp-json\/wp\/v2\/users\/1"}],"replies":[{"embeddable":true,"href":"https:\/\/congresogro.gob.mx\/63\/inicio\/wp-json\/wp\/v2\/comments?post=790"}],"version-history":[{"count":1,"href":"https:\/\/congresogro.gob.mx\/63\/inicio\/wp-json\/wp\/v2\/posts\/790\/revisions"}],"predecessor-version":[{"id":792,"href":"https:\/\/congresogro.gob.mx\/63\/inicio\/wp-json\/wp\/v2\/posts\/790\/revisions\/792"}],"wp:featuredmedia":[{"embeddable":true,"href":"https:\/\/congresogro.gob.mx\/63\/inicio\/wp-json\/wp\/v2\/media\/791"}],"wp:attachment":[{"href":"https:\/\/congresogro.gob.mx\/63\/inicio\/wp-json\/wp\/v2\/media?parent=790"}],"wp:term":[{"taxonomy":"category","embeddable":true,"href":"https:\/\/congresogro.gob.mx\/63\/inicio\/wp-json\/wp\/v2\/categories?post=790"},{"taxonomy":"post_tag","embeddable":true,"href":"https:\/\/congresogro.gob.mx\/63\/inicio\/wp-json\/wp\/v2\/tags?post=790"}],"curies":[{"name":"wp","href":"https:\/\/api.w.org\/{rel}","templated":true}]}}