{"id":7851,"date":"2023-08-28T10:39:29","date_gmt":"2023-08-28T16:39:29","guid":{"rendered":"https:\/\/congresogro.gob.mx\/63\/inicio\/?p=7851"},"modified":"2023-08-30T10:40:37","modified_gmt":"2023-08-30T16:40:37","slug":"el-19-de-septiembre-se-nombrara-a-los-cabildos-instituyentes-de-tres-nuevos-municipios-adelanta-yoloczin-dominguez","status":"publish","type":"post","link":"https:\/\/congresogro.gob.mx\/63\/inicio\/2023\/08\/28\/el-19-de-septiembre-se-nombrara-a-los-cabildos-instituyentes-de-tres-nuevos-municipios-adelanta-yoloczin-dominguez\/","title":{"rendered":"EL 19 DE SEPTIEMBRE SE NOMBRAR\u00c1 A LOS CABILDOS INSTITUYENTES DE TRES NUEVOS MUNICIPIOS, ADELANTA YOLOCZIN DOM\u00cdNGUEZ"},"content":{"rendered":"<p style=\"text-align: justify;\"><strong>Chilpancingo, Gro., 28 de agosto de 2023.- <\/strong>La presidenta de la Junta de Coordinaci\u00f3n Pol\u00edtica del Congreso del Estado, diputada Yoloczin Dom\u00ednguez Serna, inform\u00f3 que el pr\u00f3ximo 19 de septiembre, en sesi\u00f3n de Pleno, se estar\u00e1 nombrando a las y los integrantes de los ayuntamientos instituyentes de Santa Cruz del Rinc\u00f3n, San Nicol\u00e1s y Las Vigas.<\/p>\n<p style=\"text-align: justify;\">La legisladora explic\u00f3 que diputados y diputadas de la Jucopo sostuvieron reuniones de manera separada con los comit\u00e9s gestores de estos nuevos municipios de Guerrero, y se acord\u00f3 que en la fecha citada se propondr\u00e1n al Pleno las planillas de presidente o presidenta, s\u00edndica o s\u00edndico, y regidoras y regidores, todas y todos propuestos en asamblea de cada nueva municipalidad.<\/p>\n<p style=\"text-align: justify;\">Agreg\u00f3 que el Congreso del Estado tiene el firme compromiso de actuar con apego a la legalidad, y eso significa que la Jucopo ha sido respetuosa de tomar en cuenta las propuestas de la colectividad.<\/p>\n<p style=\"text-align: justify;\">\u201cNo vamos a ser un factor de inestabilidad en los nuevos municipios; por eso se habl\u00f3, se dialog\u00f3 y se lleg\u00f3 al acuerdo de que ellos abonar\u00edan a generar las condiciones necesarias y adecuadas para poder llevar a cabo la designaci\u00f3n de sus autoridades\u201d, abund\u00f3.<\/p>\n<p style=\"text-align: justify;\">Manifest\u00f3 que la Jucopo sigue dando seguimiento al tema para lograr que la designaci\u00f3n de estos ayuntamientos instituyentes sea conforme a lo estipulado en la ley, pero siempre ponderando la voluntad del pueblo.<\/p>\n<p style=\"text-align: justify;\">Por \u00faltimo, la diputada Dom\u00ednguez Serna lament\u00f3 la muerte de tres promotores de Santa Cruz del Rinc\u00f3n en un accidente automovil\u00edstico, y extern\u00f3 que el Congreso del Estado se solidariza con sus familiares.<\/p>\n","protected":false},"excerpt":{"rendered":"<p>Chilpancingo, Gro., 28 de agosto de 2023.- La presidenta de la Junta de Coordinaci\u00f3n Pol\u00edtica del Congreso del Estado, diputada Yoloczin Dom\u00ednguez Serna, inform\u00f3 que el pr\u00f3ximo 19 de septiembre, en sesi\u00f3n de Pleno, se estar\u00e1 nombrando a las y los integrantes de los ayuntamientos instituyentes de Santa Cruz del Rinc\u00f3n, San Nicol\u00e1s y Las&#8230;<\/p>\n","protected":false},"author":1,"featured_media":7852,"comment_status":"closed","ping_status":"open","sticky":false,"template":"","format":"standard","meta":{"_monsterinsights_skip_tracking":false,"_monsterinsights_sitenote_active":false,"_monsterinsights_sitenote_note":"","_monsterinsights_sitenote_category":0,"footnotes":""},"categories":[3,15],"tags":[],"class_list":["post-7851","post","type-post","status-publish","format-standard","has-post-thumbnail","hentry","category-boletin","category-yoloczin-dominguez-serna"],"aioseo_notices":[],"_links":{"self":[{"href":"https:\/\/congresogro.gob.mx\/63\/inicio\/wp-json\/wp\/v2\/posts\/7851","targetHints":{"allow":["GET"]}}],"collection":[{"href":"https:\/\/congresogro.gob.mx\/63\/inicio\/wp-json\/wp\/v2\/posts"}],"about":[{"href":"https:\/\/congresogro.gob.mx\/63\/inicio\/wp-json\/wp\/v2\/types\/post"}],"author":[{"embeddable":true,"href":"https:\/\/congresogro.gob.mx\/63\/inicio\/wp-json\/wp\/v2\/users\/1"}],"replies":[{"embeddable":true,"href":"https:\/\/congresogro.gob.mx\/63\/inicio\/wp-json\/wp\/v2\/comments?post=7851"}],"version-history":[{"count":1,"href":"https:\/\/congresogro.gob.mx\/63\/inicio\/wp-json\/wp\/v2\/posts\/7851\/revisions"}],"predecessor-version":[{"id":7853,"href":"https:\/\/congresogro.gob.mx\/63\/inicio\/wp-json\/wp\/v2\/posts\/7851\/revisions\/7853"}],"wp:featuredmedia":[{"embeddable":true,"href":"https:\/\/congresogro.gob.mx\/63\/inicio\/wp-json\/wp\/v2\/media\/7852"}],"wp:attachment":[{"href":"https:\/\/congresogro.gob.mx\/63\/inicio\/wp-json\/wp\/v2\/media?parent=7851"}],"wp:term":[{"taxonomy":"category","embeddable":true,"href":"https:\/\/congresogro.gob.mx\/63\/inicio\/wp-json\/wp\/v2\/categories?post=7851"},{"taxonomy":"post_tag","embeddable":true,"href":"https:\/\/congresogro.gob.mx\/63\/inicio\/wp-json\/wp\/v2\/tags?post=7851"}],"curies":[{"name":"wp","href":"https:\/\/api.w.org\/{rel}","templated":true}]}}