{"id":783,"date":"2021-10-21T21:06:37","date_gmt":"2021-10-21T21:06:37","guid":{"rendered":"https:\/\/congresogro.gob.mx\/63\/inicio\/?p=783"},"modified":"2021-10-21T21:06:37","modified_gmt":"2021-10-21T21:06:37","slug":"aprueba-congreso-del-estado-el-emblema-para-la-lxiii-legislatura","status":"publish","type":"post","link":"https:\/\/congresogro.gob.mx\/63\/inicio\/2021\/10\/21\/aprueba-congreso-del-estado-el-emblema-para-la-lxiii-legislatura\/","title":{"rendered":"APRUEBA CONGRESO DEL ESTADO  EL EMBLEMA PARA LA LXIII LEGISLATURA"},"content":{"rendered":"<p style=\"text-align: justify;\"><strong>Chilpancingo, Gro., 21 de octubre de 2021.- <\/strong>Diputadas y diputados de la LXIII Legislatura aprobaron el emblema que distinguir\u00e1 la documentaci\u00f3n oficial del Congreso del Estado durante el ejercicio constitucional 2021-2024.<\/p>\n<p style=\"text-align: justify;\">En el acuerdo parlamentario suscrito por los diputados Alfredo S\u00e1nchez Esquivel, presidente de la Junta de Coordinaci\u00f3n Pol\u00edtica; H\u00e9ctor Apreza Patr\u00f3n, secretario, y los vocales Raymundo Garc\u00eda Guti\u00e9rrez, Manuel Qui\u00f1\u00f3nez Cort\u00e9s, Leticia Mosso Hern\u00e1ndez y Ana Lenis Res\u00e9ndiz Javier, se se\u00f1ala que el Congreso del Estado forma parte del poder p\u00fablico estatal con funciones y atribuciones espec\u00edficas, ante lo cual debe tener un s\u00edmbolo o emblema de car\u00e1cter oficial que lo identifique y distinga de los otros poderes, \u00f3rganos aut\u00f3nomos e instituciones gubernamentales.<\/p>\n<p style=\"text-align: justify;\">Asimismo, plantea que para el desempe\u00f1o eficaz de sus funciones la instituci\u00f3n requiere de la elaboraci\u00f3n de papeler\u00eda diversa, como hojas membretadas, credenciales, tarjetas y dem\u00e1s documentaci\u00f3n de uso oficial que contenga el distintivo, s\u00edmbolo o emblema, que le d\u00e9 formalidad ante terceros.<\/p>\n<p style=\"text-align: justify;\">Por lo anterior, se determin\u00f3 que el emblema cuente con elementos referentes a la sede del Poder Legislativo, tomando en consideraci\u00f3n que la LXIII Legislatura se distingue por ser la de m\u00e1s amplia pluralidad pol\u00edtica, quedando con las siguientes caracter\u00edsticas t\u00e9cnicas:<\/p>\n<p style=\"text-align: justify;\">En la parte superior la leyenda LXIII Legislatura en fuente n\u00famero 53 en may\u00fasculas; en los extremos en la parte central peque\u00f1os c\u00edrculos; en la parte inferior la leyenda Estado Libre y Soberano de Guerrero con fuente en may\u00fasculas; en el centro una circunferencia con contorno en color general y relleno en color gris RGB 230, 230, 230; en su interior en la parte central el edificio del Congreso con relleno blanco; en la parte superior ligeramente a la derecha el escudo del estado de Guerrero en color negro, y bajo el edificio la leyenda 2021-2024 en fuente n\u00famero 42.<\/p>\n","protected":false},"excerpt":{"rendered":"<p>Chilpancingo, Gro., 21 de octubre de 2021.- Diputadas y diputados de la LXIII Legislatura aprobaron el emblema que distinguir\u00e1 la documentaci\u00f3n oficial del Congreso del Estado durante el ejercicio constitucional 2021-2024. En el acuerdo parlamentario suscrito por los diputados Alfredo S\u00e1nchez Esquivel, presidente de la Junta de Coordinaci\u00f3n Pol\u00edtica; H\u00e9ctor Apreza Patr\u00f3n, secretario, y los&#8230;<\/p>\n","protected":false},"author":1,"featured_media":784,"comment_status":"closed","ping_status":"open","sticky":false,"template":"","format":"standard","meta":{"_monsterinsights_skip_tracking":false,"_monsterinsights_sitenote_active":false,"_monsterinsights_sitenote_note":"","_monsterinsights_sitenote_category":0,"footnotes":""},"categories":[3],"tags":[],"class_list":["post-783","post","type-post","status-publish","format-standard","has-post-thumbnail","hentry","category-boletin"],"aioseo_notices":[],"_links":{"self":[{"href":"https:\/\/congresogro.gob.mx\/63\/inicio\/wp-json\/wp\/v2\/posts\/783","targetHints":{"allow":["GET"]}}],"collection":[{"href":"https:\/\/congresogro.gob.mx\/63\/inicio\/wp-json\/wp\/v2\/posts"}],"about":[{"href":"https:\/\/congresogro.gob.mx\/63\/inicio\/wp-json\/wp\/v2\/types\/post"}],"author":[{"embeddable":true,"href":"https:\/\/congresogro.gob.mx\/63\/inicio\/wp-json\/wp\/v2\/users\/1"}],"replies":[{"embeddable":true,"href":"https:\/\/congresogro.gob.mx\/63\/inicio\/wp-json\/wp\/v2\/comments?post=783"}],"version-history":[{"count":1,"href":"https:\/\/congresogro.gob.mx\/63\/inicio\/wp-json\/wp\/v2\/posts\/783\/revisions"}],"predecessor-version":[{"id":785,"href":"https:\/\/congresogro.gob.mx\/63\/inicio\/wp-json\/wp\/v2\/posts\/783\/revisions\/785"}],"wp:featuredmedia":[{"embeddable":true,"href":"https:\/\/congresogro.gob.mx\/63\/inicio\/wp-json\/wp\/v2\/media\/784"}],"wp:attachment":[{"href":"https:\/\/congresogro.gob.mx\/63\/inicio\/wp-json\/wp\/v2\/media?parent=783"}],"wp:term":[{"taxonomy":"category","embeddable":true,"href":"https:\/\/congresogro.gob.mx\/63\/inicio\/wp-json\/wp\/v2\/categories?post=783"},{"taxonomy":"post_tag","embeddable":true,"href":"https:\/\/congresogro.gob.mx\/63\/inicio\/wp-json\/wp\/v2\/tags?post=783"}],"curies":[{"name":"wp","href":"https:\/\/api.w.org\/{rel}","templated":true}]}}