{"id":7798,"date":"2023-08-24T10:50:12","date_gmt":"2023-08-24T16:50:12","guid":{"rendered":"https:\/\/congresogro.gob.mx\/63\/inicio\/?p=7798"},"modified":"2023-08-24T10:50:12","modified_gmt":"2023-08-24T16:50:12","slug":"institucion-del-cabildo-de-nuu-savi-es-un-hecho-historico-y-de-justicia-social-yoloczin-dominguez","status":"publish","type":"post","link":"https:\/\/congresogro.gob.mx\/63\/inicio\/2023\/08\/24\/institucion-del-cabildo-de-nuu-savi-es-un-hecho-historico-y-de-justicia-social-yoloczin-dominguez\/","title":{"rendered":"INSTITUCI\u00d3N DEL CABILDO DE \u00d1UU SAVI ES UN HECHO  HIST\u00d3RICO Y DE JUSTICIA SOCIAL: YOLOCZIN DOM\u00cdNGUEZ"},"content":{"rendered":"<p><strong>Chilpancingo, Gro., 24 de agosto de 2023.- <\/strong>La diputada Yoloczin Dom\u00ednguez Serna, presidenta de la Junta de Coordinaci\u00f3n Pol\u00edtica del Congreso del Estado, manifest\u00f3 que el Poder Legislativo actu\u00f3 conforme a lo estipulado en la ley en cuanto a la designaci\u00f3n del Ayuntamiento Instituyente de \u00d1uu Savi, y al darle el lugar y reconocimiento a la decisi\u00f3n mayoritaria del pueblo.<\/p>\n<p>En entrevista luego de la sesi\u00f3n de la Comisi\u00f3n Permanente en que rindieron protesta las y los integrantes del citado ayuntamiento, la legisladora celebr\u00f3 este \u201cacto hist\u00f3rico y de justicia social\u201d que da respuesta a una demanda de m\u00e1s de 25 a\u00f1os por parte de habitantes de diversas comunidades, quienes determinaron constituirse como nuevo municipio, en busca del desarrollo.<\/p>\n<p>\u201cDespu\u00e9s de tantos a\u00f1os, hoy es una realidad el municipio de \u00d1uu Savi, al quedar constituido legalmente y con un cabildo paritario representado por hombres y mujeres reconocidos y combativos\u201d, se\u00f1al\u00f3.<\/p>\n<p>La legisladora llam\u00f3 a las y los integrantes del Ayuntamiento Instituyente a trabajar intensamente y con toda honestidad en beneficio de las y los habitantes del nuevo municipio, como lo han venido haciendo, en beneficio de la colectividad.<\/p>\n<p>Sobre el nombramiento de los ayuntamientos instituyentes de los otros tres nuevos municipios, San Nicol\u00e1s, Santa Cruz del Rinc\u00f3n y Las Vigas, Dom\u00ednguez Serna manifest\u00f3 que sostuvieron el martes una reuni\u00f3n con sus comit\u00e9s gestores y comisarios de las comunidades que lo conforman, y este viernes continuar\u00e1 el di\u00e1logo para establecer una fecha tentativa para la designaci\u00f3n.<\/p>\n<p>Destac\u00f3 la legisladora que las y los diputados pretenden que haya armon\u00eda en la designaci\u00f3n de los cabildos instituyentes, para que no se presenten inconformidades ni inestabilidad social.<\/p>\n","protected":false},"excerpt":{"rendered":"<p>Chilpancingo, Gro., 24 de agosto de 2023.- La diputada Yoloczin Dom\u00ednguez Serna, presidenta de la Junta de Coordinaci\u00f3n Pol\u00edtica del Congreso del Estado, manifest\u00f3 que el Poder Legislativo actu\u00f3 conforme a lo estipulado en la ley en cuanto a la designaci\u00f3n del Ayuntamiento Instituyente de \u00d1uu Savi, y al darle el lugar y reconocimiento a&#8230;<\/p>\n","protected":false},"author":1,"featured_media":7799,"comment_status":"closed","ping_status":"open","sticky":false,"template":"","format":"standard","meta":{"_monsterinsights_skip_tracking":false,"_monsterinsights_sitenote_active":false,"_monsterinsights_sitenote_note":"","_monsterinsights_sitenote_category":0,"footnotes":""},"categories":[3,15],"tags":[],"class_list":["post-7798","post","type-post","status-publish","format-standard","has-post-thumbnail","hentry","category-boletin","category-yoloczin-dominguez-serna"],"aioseo_notices":[],"_links":{"self":[{"href":"https:\/\/congresogro.gob.mx\/63\/inicio\/wp-json\/wp\/v2\/posts\/7798","targetHints":{"allow":["GET"]}}],"collection":[{"href":"https:\/\/congresogro.gob.mx\/63\/inicio\/wp-json\/wp\/v2\/posts"}],"about":[{"href":"https:\/\/congresogro.gob.mx\/63\/inicio\/wp-json\/wp\/v2\/types\/post"}],"author":[{"embeddable":true,"href":"https:\/\/congresogro.gob.mx\/63\/inicio\/wp-json\/wp\/v2\/users\/1"}],"replies":[{"embeddable":true,"href":"https:\/\/congresogro.gob.mx\/63\/inicio\/wp-json\/wp\/v2\/comments?post=7798"}],"version-history":[{"count":1,"href":"https:\/\/congresogro.gob.mx\/63\/inicio\/wp-json\/wp\/v2\/posts\/7798\/revisions"}],"predecessor-version":[{"id":7800,"href":"https:\/\/congresogro.gob.mx\/63\/inicio\/wp-json\/wp\/v2\/posts\/7798\/revisions\/7800"}],"wp:featuredmedia":[{"embeddable":true,"href":"https:\/\/congresogro.gob.mx\/63\/inicio\/wp-json\/wp\/v2\/media\/7799"}],"wp:attachment":[{"href":"https:\/\/congresogro.gob.mx\/63\/inicio\/wp-json\/wp\/v2\/media?parent=7798"}],"wp:term":[{"taxonomy":"category","embeddable":true,"href":"https:\/\/congresogro.gob.mx\/63\/inicio\/wp-json\/wp\/v2\/categories?post=7798"},{"taxonomy":"post_tag","embeddable":true,"href":"https:\/\/congresogro.gob.mx\/63\/inicio\/wp-json\/wp\/v2\/tags?post=7798"}],"curies":[{"name":"wp","href":"https:\/\/api.w.org\/{rel}","templated":true}]}}