{"id":7785,"date":"2023-08-22T10:04:31","date_gmt":"2023-08-22T16:04:31","guid":{"rendered":"https:\/\/congresogro.gob.mx\/63\/inicio\/?p=7785"},"modified":"2023-08-23T10:06:11","modified_gmt":"2023-08-23T16:06:11","slug":"desarrolla-el-congreso-el-encuentro-regional-de-la-juventud-guerrerense-correspondiente-a-la-costa-chica","status":"publish","type":"post","link":"https:\/\/congresogro.gob.mx\/63\/inicio\/2023\/08\/22\/desarrolla-el-congreso-el-encuentro-regional-de-la-juventud-guerrerense-correspondiente-a-la-costa-chica\/","title":{"rendered":"DESARROLLA EL CONGRESO EL ENCUENTRO REGIONAL DE LA JUVENTUD GUERRERENSE CORRESPONDIENTE A LA COSTA CHICA"},"content":{"rendered":"<p style=\"text-align: justify;\"><strong>Chilpancingo, Gro., 22 de agosto de 2023.- <\/strong>La Comisi\u00f3n de la Juventud y el Deporte del Congreso del Estado realiz\u00f3 este martes el segundo Encuentro Regional de Participaci\u00f3n Ciudadana de la Juventud Guerrerense, con j\u00f3venes participantes de la regi\u00f3n Costa Chica, como pre\u00e1mbulo del Parlamento Juvenil 2023, a realizarse en el mes de septiembre.<\/p>\n<p style=\"text-align: justify;\">Al darles la bienvenida, la diputada Ang\u00e9lica Espinoza Garc\u00eda, presidenta de la citada comisi\u00f3n legislativa, celebr\u00f3 la gran participaci\u00f3n y decisi\u00f3n de las y los j\u00f3venes por expresar sus propuestas e ideas, as\u00ed como debatir sobre los temas de su inter\u00e9s y la distinta problem\u00e1tica que aqueja al estado.<\/p>\n<p style=\"text-align: justify;\">Abund\u00f3 que desde el Poder Legislativo est\u00e1n buscando entablar un di\u00e1logo abierto con las juventudes, a quienes ofrecen la certeza de que sus opiniones, sentir y propuestas ser\u00e1n integradas en la construcci\u00f3n de la Ley de Personas J\u00f3venes del Estado de Guerrero.<\/p>\n<p style=\"text-align: justify;\">Particip\u00f3 en este evento el coordinador de Educaci\u00f3n C\u00edvica del Instituto Electoral y de Participaci\u00f3n Ciudadana del Estado de Guerrero, Jorge Armando Leyva Fuentes, y de manera virtual la secretaria de la Juventud y la Ni\u00f1ez del Gobierno del Estado, Jessica Maldonado Morales.<\/p>\n<p style=\"text-align: justify;\">De este ejercicio de participaci\u00f3n ciudadana resultaron seleccionados para participar en el Parlamento Juvenil 2023, Dulce Mar\u00eda Barreto Benjam\u00edn, Manuel Alexander Dom\u00ednguez Ju\u00e1rez, Amadai Galindo Gonz\u00e1lez y Javier Cuajicalco Villanueva.<\/p>\n<p style=\"text-align: justify;\">Este mi\u00e9rcoles 23 se estar\u00e1 desarrollando el Encuentro Regional correspondiente a la Tierra Caliente, del que se elegir\u00e1 a otros cuatro j\u00f3venes parlamentaristas.<\/p>\n<p style=\"text-align: justify;\">Se busca que el Parlamento Juvenil 2023 no solo est\u00e9 integrado por 50 por ciento mujeres y 50 por ciento varones, sino que incorpora a grupos prioritarios como de la comunidad LGBTQ+, los pueblos originarios y afromexicanos y a personas con discapacidad.<\/p>\n","protected":false},"excerpt":{"rendered":"<p>Chilpancingo, Gro., 22 de agosto de 2023.- La Comisi\u00f3n de la Juventud y el Deporte del Congreso del Estado realiz\u00f3 este martes el segundo Encuentro Regional de Participaci\u00f3n Ciudadana de la Juventud Guerrerense, con j\u00f3venes participantes de la regi\u00f3n Costa Chica, como pre\u00e1mbulo del Parlamento Juvenil 2023, a realizarse en el mes de septiembre. Al&#8230;<\/p>\n","protected":false},"author":1,"featured_media":7786,"comment_status":"closed","ping_status":"open","sticky":false,"template":"","format":"standard","meta":{"_monsterinsights_skip_tracking":false,"_monsterinsights_sitenote_active":false,"_monsterinsights_sitenote_note":"","_monsterinsights_sitenote_category":0,"footnotes":""},"categories":[41,3],"tags":[],"class_list":["post-7785","post","type-post","status-publish","format-standard","has-post-thumbnail","hentry","category-angelica-espinoza-garcia","category-boletin"],"aioseo_notices":[],"_links":{"self":[{"href":"https:\/\/congresogro.gob.mx\/63\/inicio\/wp-json\/wp\/v2\/posts\/7785","targetHints":{"allow":["GET"]}}],"collection":[{"href":"https:\/\/congresogro.gob.mx\/63\/inicio\/wp-json\/wp\/v2\/posts"}],"about":[{"href":"https:\/\/congresogro.gob.mx\/63\/inicio\/wp-json\/wp\/v2\/types\/post"}],"author":[{"embeddable":true,"href":"https:\/\/congresogro.gob.mx\/63\/inicio\/wp-json\/wp\/v2\/users\/1"}],"replies":[{"embeddable":true,"href":"https:\/\/congresogro.gob.mx\/63\/inicio\/wp-json\/wp\/v2\/comments?post=7785"}],"version-history":[{"count":1,"href":"https:\/\/congresogro.gob.mx\/63\/inicio\/wp-json\/wp\/v2\/posts\/7785\/revisions"}],"predecessor-version":[{"id":7787,"href":"https:\/\/congresogro.gob.mx\/63\/inicio\/wp-json\/wp\/v2\/posts\/7785\/revisions\/7787"}],"wp:featuredmedia":[{"embeddable":true,"href":"https:\/\/congresogro.gob.mx\/63\/inicio\/wp-json\/wp\/v2\/media\/7786"}],"wp:attachment":[{"href":"https:\/\/congresogro.gob.mx\/63\/inicio\/wp-json\/wp\/v2\/media?parent=7785"}],"wp:term":[{"taxonomy":"category","embeddable":true,"href":"https:\/\/congresogro.gob.mx\/63\/inicio\/wp-json\/wp\/v2\/categories?post=7785"},{"taxonomy":"post_tag","embeddable":true,"href":"https:\/\/congresogro.gob.mx\/63\/inicio\/wp-json\/wp\/v2\/tags?post=7785"}],"curies":[{"name":"wp","href":"https:\/\/api.w.org\/{rel}","templated":true}]}}