{"id":7766,"date":"2023-08-16T09:28:40","date_gmt":"2023-08-16T15:28:40","guid":{"rendered":"https:\/\/congresogro.gob.mx\/63\/inicio\/?p=7766"},"modified":"2023-08-17T09:30:14","modified_gmt":"2023-08-17T15:30:14","slug":"es-apegada-a-la-legalidad-y-la-voluntad-popular-la-integracion-de-planillas-de-nuevos-ayuntamientos-yoloczin-dominguez","status":"publish","type":"post","link":"https:\/\/congresogro.gob.mx\/63\/inicio\/2023\/08\/16\/es-apegada-a-la-legalidad-y-la-voluntad-popular-la-integracion-de-planillas-de-nuevos-ayuntamientos-yoloczin-dominguez\/","title":{"rendered":"ES APEGADA A LA LEGALIDAD Y LA VOLUNTAD POPULAR LA INTEGRACI\u00d3N DE PLANILLAS DE NUEVOS AYUNTAMIENTOS: YOLOCZIN DOM\u00cdNGUEZ"},"content":{"rendered":"<p style=\"text-align: justify;\"><strong>Chilpancingo, Gro., 16 de agosto de 2023.- <\/strong>La diputada Yoloczin Dom\u00ednguez Serna, presidenta de la Junta de Coordinaci\u00f3n Pol\u00edtica (Jucopo) del Congreso del Estado, asever\u00f3 que el trabajo legislativo relacionado con la designaci\u00f3n de autoridades instituyentes de los cuatro nuevos municipios de Guerrero se ha apegado a la legalidad, adem\u00e1s de que est\u00e1 fundamentado en las propuestas de los comit\u00e9s gestores y las decisiones mayoritarias de cada poblaci\u00f3n.<\/p>\n<p style=\"text-align: justify;\">La tambi\u00e9n coordinadora del Grupo Parlamentario de Morena se declar\u00f3 respetuosa de las diversas opiniones emitidas por algunos de sus hom\u00f3logos y otros actores pol\u00edticos involucrados, quienes \u201cest\u00e1n en su derecho de manifestarse conforme a sus ideas y visi\u00f3n, pero es necesario aclarar que la Jucopo, desde que su servidora est\u00e1 al frente, realiza acciones y toma decisiones apegadas a la legalidad y el debido proceso, porque para nosotros siempre ser\u00e1 fundamental y prioritario tomar en cuenta a la ciudadan\u00eda\u201d.<\/p>\n<p style=\"text-align: justify;\">Recalc\u00f3 que las planillas est\u00e1n basadas en el listado de personas elegibles que el a\u00f1o pasado se vot\u00f3 en el Pleno, y que fueron propuestas por los diferentes comit\u00e9s gestores de los municipios instituyentes.<\/p>\n<p style=\"text-align: justify;\">\u201cComo Junta de Coordinaci\u00f3n Pol\u00edtica hemos estado trabajando de manera responsable y respetuosa, dando prioridad a la voz ciudadana en la integraci\u00f3n de estas planillas que ser\u00e1n presentadas ante el Pleno en la sesi\u00f3n extraordinaria de este jueves, donde las diputadas y diputados decidir\u00e1n si pasan o no\u201d, expuso.<\/p>\n<p style=\"text-align: justify;\">Agreg\u00f3 que este tema no es reciente, sino de hace algunos a\u00f1os, pero afortunadamente se est\u00e1 a punto de concretar. \u201cYo me quedo muy satisfecha con la labor que llev\u00f3 a cabo la Jucopo, siempre apegado a la legalidad, respetando el debido proceso y la voluntad popular\u201d, concluy\u00f3.<\/p>\n","protected":false},"excerpt":{"rendered":"<p>Chilpancingo, Gro., 16 de agosto de 2023.- La diputada Yoloczin Dom\u00ednguez Serna, presidenta de la Junta de Coordinaci\u00f3n Pol\u00edtica (Jucopo) del Congreso del Estado, asever\u00f3 que el trabajo legislativo relacionado con la designaci\u00f3n de autoridades instituyentes de los cuatro nuevos municipios de Guerrero se ha apegado a la legalidad, adem\u00e1s de que est\u00e1 fundamentado en&#8230;<\/p>\n","protected":false},"author":1,"featured_media":7767,"comment_status":"closed","ping_status":"open","sticky":false,"template":"","format":"standard","meta":{"_monsterinsights_skip_tracking":false,"_monsterinsights_sitenote_active":false,"_monsterinsights_sitenote_note":"","_monsterinsights_sitenote_category":0,"footnotes":""},"categories":[3,15],"tags":[],"class_list":["post-7766","post","type-post","status-publish","format-standard","has-post-thumbnail","hentry","category-boletin","category-yoloczin-dominguez-serna"],"aioseo_notices":[],"_links":{"self":[{"href":"https:\/\/congresogro.gob.mx\/63\/inicio\/wp-json\/wp\/v2\/posts\/7766","targetHints":{"allow":["GET"]}}],"collection":[{"href":"https:\/\/congresogro.gob.mx\/63\/inicio\/wp-json\/wp\/v2\/posts"}],"about":[{"href":"https:\/\/congresogro.gob.mx\/63\/inicio\/wp-json\/wp\/v2\/types\/post"}],"author":[{"embeddable":true,"href":"https:\/\/congresogro.gob.mx\/63\/inicio\/wp-json\/wp\/v2\/users\/1"}],"replies":[{"embeddable":true,"href":"https:\/\/congresogro.gob.mx\/63\/inicio\/wp-json\/wp\/v2\/comments?post=7766"}],"version-history":[{"count":1,"href":"https:\/\/congresogro.gob.mx\/63\/inicio\/wp-json\/wp\/v2\/posts\/7766\/revisions"}],"predecessor-version":[{"id":7768,"href":"https:\/\/congresogro.gob.mx\/63\/inicio\/wp-json\/wp\/v2\/posts\/7766\/revisions\/7768"}],"wp:featuredmedia":[{"embeddable":true,"href":"https:\/\/congresogro.gob.mx\/63\/inicio\/wp-json\/wp\/v2\/media\/7767"}],"wp:attachment":[{"href":"https:\/\/congresogro.gob.mx\/63\/inicio\/wp-json\/wp\/v2\/media?parent=7766"}],"wp:term":[{"taxonomy":"category","embeddable":true,"href":"https:\/\/congresogro.gob.mx\/63\/inicio\/wp-json\/wp\/v2\/categories?post=7766"},{"taxonomy":"post_tag","embeddable":true,"href":"https:\/\/congresogro.gob.mx\/63\/inicio\/wp-json\/wp\/v2\/tags?post=7766"}],"curies":[{"name":"wp","href":"https:\/\/api.w.org\/{rel}","templated":true}]}}