{"id":7750,"date":"2023-08-14T09:42:18","date_gmt":"2023-08-14T15:42:18","guid":{"rendered":"https:\/\/congresogro.gob.mx\/63\/inicio\/?p=7750"},"modified":"2023-08-15T09:43:40","modified_gmt":"2023-08-15T15:43:40","slug":"convoca-el-congreso-a-presentar-propuestas-de-recipiendario-de-la-presea-sentimientos-de-la-nacion","status":"publish","type":"post","link":"https:\/\/congresogro.gob.mx\/63\/inicio\/2023\/08\/14\/convoca-el-congreso-a-presentar-propuestas-de-recipiendario-de-la-presea-sentimientos-de-la-nacion\/","title":{"rendered":"CONVOCA EL CONGRESO A PRESENTAR PROPUESTAS DE RECIPIENDARIO DE LA PRESEA SENTIMIENTOS DE LA NACI\u00d3N"},"content":{"rendered":"<p style=\"text-align: justify;\"><strong>Chilpancingo, Gro., 14 de agosto de 2023.- <\/strong>El Congreso del Estado est\u00e1 convocando a los Poderes del Estado, partidos y asociaciones pol\u00edticas nacionales y estatales, sindicatos, universidades e instituciones de ense\u00f1anza superior, asociaciones y organizaciones civiles, colegios y agrupaciones de profesionistas, medios de comunicaci\u00f3n y a ciudadan\u00eda en general para que presenten sus candidaturas de quienes juzguen dignos de recibir y portar la presea \u201cSentimientos de la Naci\u00f3n\u201d.<\/p>\n<p style=\"text-align: justify;\">De acuerdo con la convocatoria emitida el pasado 19 de julio por la Comisi\u00f3n Especial creada para el efecto, conformada por los diputados Yoloczin Dom\u00ednguez Serna, H\u00e9ctor Apreza Patr\u00f3n, Raymundo Garc\u00eda Guti\u00e9rrez, Hilda Jennifer Ponce Mendoza y Ana Lenis Res\u00e9ndiz, las propuestas se recibir\u00e1n en la sede del Poder Legislativo de Guerrero, ubicada en bulevar Vicente Guerrero, Tr\u00e9bol Sur S\/N, colonia Villa Moderna, en la ciudad de Chilpancingo, de lunes a viernes de 9 a 15 horas.<\/p>\n<p style=\"text-align: justify;\">Las propuestas deber\u00e1n estar acompa\u00f1adas de los datos biogr\u00e1ficos de la candidata o candidato, as\u00ed como una exposici\u00f3n detallada en la que se funden y motiven las razones por las cuales se les considera merecedoras o merecedores de tan alta condecoraci\u00f3n, adem\u00e1s de los tel\u00e9fonos y direcci\u00f3n donde puedan ser localizadas.<\/p>\n<p style=\"text-align: justify;\">Dicho expedientes se recibir\u00e1n hasta el 25 de agosto; posteriormente, la Comisi\u00f3n Especial de diputados realizar\u00e1 el registro y previa discusi\u00f3n y an\u00e1lisis de los m\u00e9ritos de las y los candidatos y emitir\u00e1 el dictamen correspondiente al Pleno para su discusi\u00f3n y aprobaci\u00f3n, en su caso.<\/p>\n<p style=\"text-align: justify;\">La presea \u201cSentimientos de la Naci\u00f3n\u201d se otorga a personas nacionales y extranjeras que sean dignas de portar dicho reconocimiento, tomando en cuenta su cercan\u00eda a los principios del Primer Congreso de An\u00e1huac y de los Sentimientos de la Naci\u00f3n, como son la lucha por la paz, la democracia, los derechos humanos y, en general, los m\u00e1s altos valores de la humanidad.<\/p>\n<p style=\"text-align: justify;\">Esta condecoraci\u00f3n se entrega en sesi\u00f3n p\u00fablica y solemne el 13 de septiembre de cada a\u00f1o en la Catedral de la Asunci\u00f3n de Mar\u00eda de Chilpancingo, con la asistencia de los Poderes Ejecutivo y Judicial, para conmemorar la instalaci\u00f3n del Primer Congreso de An\u00e1huac.<\/p>\n","protected":false},"excerpt":{"rendered":"<p>Chilpancingo, Gro., 14 de agosto de 2023.- El Congreso del Estado est\u00e1 convocando a los Poderes del Estado, partidos y asociaciones pol\u00edticas nacionales y estatales, sindicatos, universidades e instituciones de ense\u00f1anza superior, asociaciones y organizaciones civiles, colegios y agrupaciones de profesionistas, medios de comunicaci\u00f3n y a ciudadan\u00eda en general para que presenten sus candidaturas de&#8230;<\/p>\n","protected":false},"author":1,"featured_media":7751,"comment_status":"closed","ping_status":"open","sticky":false,"template":"","format":"standard","meta":{"_monsterinsights_skip_tracking":false,"_monsterinsights_sitenote_active":false,"_monsterinsights_sitenote_note":"","_monsterinsights_sitenote_category":0,"footnotes":""},"categories":[3],"tags":[],"class_list":["post-7750","post","type-post","status-publish","format-standard","has-post-thumbnail","hentry","category-boletin"],"aioseo_notices":[],"_links":{"self":[{"href":"https:\/\/congresogro.gob.mx\/63\/inicio\/wp-json\/wp\/v2\/posts\/7750","targetHints":{"allow":["GET"]}}],"collection":[{"href":"https:\/\/congresogro.gob.mx\/63\/inicio\/wp-json\/wp\/v2\/posts"}],"about":[{"href":"https:\/\/congresogro.gob.mx\/63\/inicio\/wp-json\/wp\/v2\/types\/post"}],"author":[{"embeddable":true,"href":"https:\/\/congresogro.gob.mx\/63\/inicio\/wp-json\/wp\/v2\/users\/1"}],"replies":[{"embeddable":true,"href":"https:\/\/congresogro.gob.mx\/63\/inicio\/wp-json\/wp\/v2\/comments?post=7750"}],"version-history":[{"count":1,"href":"https:\/\/congresogro.gob.mx\/63\/inicio\/wp-json\/wp\/v2\/posts\/7750\/revisions"}],"predecessor-version":[{"id":7752,"href":"https:\/\/congresogro.gob.mx\/63\/inicio\/wp-json\/wp\/v2\/posts\/7750\/revisions\/7752"}],"wp:featuredmedia":[{"embeddable":true,"href":"https:\/\/congresogro.gob.mx\/63\/inicio\/wp-json\/wp\/v2\/media\/7751"}],"wp:attachment":[{"href":"https:\/\/congresogro.gob.mx\/63\/inicio\/wp-json\/wp\/v2\/media?parent=7750"}],"wp:term":[{"taxonomy":"category","embeddable":true,"href":"https:\/\/congresogro.gob.mx\/63\/inicio\/wp-json\/wp\/v2\/categories?post=7750"},{"taxonomy":"post_tag","embeddable":true,"href":"https:\/\/congresogro.gob.mx\/63\/inicio\/wp-json\/wp\/v2\/tags?post=7750"}],"curies":[{"name":"wp","href":"https:\/\/api.w.org\/{rel}","templated":true}]}}