{"id":7704,"date":"2023-08-09T09:20:58","date_gmt":"2023-08-09T15:20:58","guid":{"rendered":"https:\/\/congresogro.gob.mx\/63\/inicio\/?p=7704"},"modified":"2023-08-10T09:22:27","modified_gmt":"2023-08-10T15:22:27","slug":"proponen-ley-para-la-proteccion-apoyo-y-promocion-de-la-lactancia-materna","status":"publish","type":"post","link":"https:\/\/congresogro.gob.mx\/63\/inicio\/2023\/08\/09\/proponen-ley-para-la-proteccion-apoyo-y-promocion-de-la-lactancia-materna\/","title":{"rendered":"PROPONEN LEY PARA LA PROTECCI\u00d3N, APOYO  Y PROMOCI\u00d3N DE LA LACTANCIA MATERNA"},"content":{"rendered":"<p style=\"text-align: justify;\"><strong>Chilpancingo, Gro., 09 de agosto de 2023<\/strong>.- La diputada Leticia Mosso Hern\u00e1ndez present\u00f3 una iniciativa de Ley para la Protecci\u00f3n, Apoyo y Promoci\u00f3n de la Lactancia Materna, con la finalidad de garantizar este derecho de las madres en cualquier lugar o espacio p\u00fablico, incluido su centro de trabajo, en las mejores condiciones, y adem\u00e1s recibir educaci\u00f3n e informaci\u00f3n oportuna, veraz y comprensible sobre los beneficios de esta pr\u00e1ctica.<\/p>\n<p style=\"text-align: justify;\">Abund\u00f3 la diputada que la lactancia materna es parte de los derechos fundamentales de las madres, y el Estado y la sociedad tienen la obligaci\u00f3n de respetarlo, protegerlo, promoverlo y apoyarlo, para que las mujeres, como titulares de este derecho, lo puedan ejercer plenamente, eliminando todo tipo de obst\u00e1culos.<\/p>\n<p style=\"text-align: justify;\">La propuesta plantea el establecimiento de espacios donde las madres lactantes puedan amamantar o extraer su leche, almacenarla adecuadamente y, al t\u00e9rmino de su jornada laboral, llevarla a casa para alimentar a su hija o hijo.<\/p>\n<p style=\"text-align: justify;\">Lo anterior, abund\u00f3, ser\u00e1 factor esencial del \u00f3ptimo desarrollo de los infantes en los primeros seis meses de vida y hasta los dos a\u00f1os, coadyuvando a que las mujeres no tengan que hacer pausa en sus actividades laborales.<\/p>\n<p style=\"text-align: justify;\">Mosso Hern\u00e1ndez dijo que la incorporaci\u00f3n cada vez mayor de la mujer en el \u00e1mbito laboral, pol\u00edtico y social ha tra\u00eddo como consecuencia grandes cambios en las pol\u00edticas p\u00fablicas, as\u00ed como en la organizaci\u00f3n de las familias, quedando demostrado que tanto hombres como mujeres tienen la capacidad de afrontar cualquier reto, aunque el \u00fanico rol que no puede ser compartido entre mujeres y hombres es la maternidad.<\/p>\n<p style=\"text-align: justify;\">\u201cReconocer los desaf\u00edos que plantea la maternidad para las mujeres trabajadoras y los beneficios de la lactancia materna deber\u00edan ser parte de cualquier pol\u00edtica laboral con enfoque de g\u00e9nero, y si queremos la igualdad de condiciones laborales y simult\u00e1neamente impulsar el mejor desarrollo de las generaciones futuras, es imperante que promovamos pol\u00edticas que apoyen la lactancia en los centros de trabajo\u201d, apunt\u00f3.<\/p>\n<p style=\"text-align: justify;\">Esta iniciativa fue turnada a las Comisiones Unidas de Salud y de los Derechos de las Ni\u00f1as, Ni\u00f1os y Adolescentes, para su an\u00e1lisis y emisi\u00f3n de dictamen.<\/p>\n<p style=\"text-align: justify;\">\n<p style=\"text-align: justify;\"><strong>Intervenci\u00f3n<\/strong><\/p>\n<p style=\"text-align: justify;\">El diputado Masedonio Mendoza Basurto intervino con el tema \u201cLa politizaci\u00f3n de la justicia en los casos de la regi\u00f3n Monta\u00f1a de Guerrero\u201d, haciendo referencia al caso del defensor de los derechos humanos Arnulfo Cer\u00f3n Soriano, asesinado en Tlapa en 2019, as\u00ed como las desapariciones de 43 estudiantes de Ayotzinapa. Refiri\u00f3 que las atrocidades y cr\u00edmenes violentos son comunes en esta entidad desde la \u201cguerra sucia\u201d ocurrida entre los a\u00f1os 1969 y 1979, situaci\u00f3n que no ha cambiado por la presencia de c\u00e1rteles de la droga que pelean por el territorio, provocando que la poblaci\u00f3n de Guerrero se vea cada vez m\u00e1s atrapada entre la violencia de Estado y la de dichos c\u00e1rteles.<\/p>\n<p style=\"text-align: justify;\">Confi\u00f3, por \u00faltimo, en que el primer mandatario de la Rep\u00fablica, en v\u00edsperas de su \u00faltimo a\u00f1o de su administraci\u00f3n, cumpla su promesa de que habr\u00e1 resultados en los casos citados, y que la justicia triunfar\u00e1.<\/p>\n","protected":false},"excerpt":{"rendered":"<p>Chilpancingo, Gro., 09 de agosto de 2023.- La diputada Leticia Mosso Hern\u00e1ndez present\u00f3 una iniciativa de Ley para la Protecci\u00f3n, Apoyo y Promoci\u00f3n de la Lactancia Materna, con la finalidad de garantizar este derecho de las madres en cualquier lugar o espacio p\u00fablico, incluido su centro de trabajo, en las mejores condiciones, y adem\u00e1s recibir&#8230;<\/p>\n","protected":false},"author":1,"featured_media":7705,"comment_status":"closed","ping_status":"open","sticky":false,"template":"","format":"standard","meta":{"_monsterinsights_skip_tracking":false,"_monsterinsights_sitenote_active":false,"_monsterinsights_sitenote_note":"","_monsterinsights_sitenote_category":0,"footnotes":""},"categories":[3,30],"tags":[],"class_list":["post-7704","post","type-post","status-publish","format-standard","has-post-thumbnail","hentry","category-boletin","category-leticia-mosso-hernandez"],"aioseo_notices":[],"_links":{"self":[{"href":"https:\/\/congresogro.gob.mx\/63\/inicio\/wp-json\/wp\/v2\/posts\/7704","targetHints":{"allow":["GET"]}}],"collection":[{"href":"https:\/\/congresogro.gob.mx\/63\/inicio\/wp-json\/wp\/v2\/posts"}],"about":[{"href":"https:\/\/congresogro.gob.mx\/63\/inicio\/wp-json\/wp\/v2\/types\/post"}],"author":[{"embeddable":true,"href":"https:\/\/congresogro.gob.mx\/63\/inicio\/wp-json\/wp\/v2\/users\/1"}],"replies":[{"embeddable":true,"href":"https:\/\/congresogro.gob.mx\/63\/inicio\/wp-json\/wp\/v2\/comments?post=7704"}],"version-history":[{"count":1,"href":"https:\/\/congresogro.gob.mx\/63\/inicio\/wp-json\/wp\/v2\/posts\/7704\/revisions"}],"predecessor-version":[{"id":7706,"href":"https:\/\/congresogro.gob.mx\/63\/inicio\/wp-json\/wp\/v2\/posts\/7704\/revisions\/7706"}],"wp:featuredmedia":[{"embeddable":true,"href":"https:\/\/congresogro.gob.mx\/63\/inicio\/wp-json\/wp\/v2\/media\/7705"}],"wp:attachment":[{"href":"https:\/\/congresogro.gob.mx\/63\/inicio\/wp-json\/wp\/v2\/media?parent=7704"}],"wp:term":[{"taxonomy":"category","embeddable":true,"href":"https:\/\/congresogro.gob.mx\/63\/inicio\/wp-json\/wp\/v2\/categories?post=7704"},{"taxonomy":"post_tag","embeddable":true,"href":"https:\/\/congresogro.gob.mx\/63\/inicio\/wp-json\/wp\/v2\/tags?post=7704"}],"curies":[{"name":"wp","href":"https:\/\/api.w.org\/{rel}","templated":true}]}}