{"id":7683,"date":"2023-08-02T10:02:25","date_gmt":"2023-08-02T16:02:25","guid":{"rendered":"https:\/\/congresogro.gob.mx\/63\/inicio\/?p=7683"},"modified":"2023-12-18T17:02:16","modified_gmt":"2023-12-18T23:02:16","slug":"realiza-el-congreso-mesas-de-trabajo-de-la-consulta-a-personas-con-discapacidad-en-tlacoachistlahuaca","status":"publish","type":"post","link":"https:\/\/congresogro.gob.mx\/63\/inicio\/2023\/08\/02\/realiza-el-congreso-mesas-de-trabajo-de-la-consulta-a-personas-con-discapacidad-en-tlacoachistlahuaca\/","title":{"rendered":"REALIZA EL CONGRESO MESAS DE TRABAJO DE LA CONSULTA A PERSONAS CON DISCAPACIDAD EN TLACOACHISTLAHUACA"},"content":{"rendered":"<p style=\"text-align: justify;\"><strong>Tlacoachistlahuaca, Gro., a 02 de agosto de 2023.- <\/strong>El Congreso del Estado desarroll\u00f3 este mi\u00e9rcoles en este municipio de la Costa Chica las Mesas de Trabajo Presenciales relacionadas con la Consulta a Personas con Discapacidad para el Proceso Legislativo en Materia de Educaci\u00f3n Inclusiva.<\/p>\n<p style=\"text-align: justify;\">En su intervenci\u00f3n durante el desarrollo del evento, la diputada Gloria Citlali Calixto Jim\u00e9nez, presidenta de la Comisi\u00f3n de Atenci\u00f3n a Personas con Discapacidad, subray\u00f3 que dicho ejercicio tiene la finalidad de escuchar y atender las necesidades, propuestas e inquietudes de las personas con discapacidad, que permitan enriquecer la Ley de Educaci\u00f3n en el estado.<\/p>\n<p style=\"text-align: justify;\">\u201cSus voces, sus testimonios y sus propuestas son la prioridad, y as\u00ed lo ser\u00e1 a partir de ahora; porque nunca m\u00e1s habr\u00e1 de implementarse una ley o una pol\u00edtica sin antes consultar sus sentimientos\u201d, afirm\u00f3 la legisladora.<\/p>\n<p style=\"text-align: justify;\">La diputada enfatiz\u00f3 que esta consulta cumple con los est\u00e1ndares internacionales y se ajusta a lo mandatado por la Suprema Corte de Justicia de la Naci\u00f3n (SCJN) en relaci\u00f3n con la acci\u00f3n de inconstitucionalidad 299\/2020.<\/p>\n<p style=\"text-align: justify;\">Al acto asisti\u00f3 tambi\u00e9n el diputado Rafael Navarrete Quezada, quien expres\u00f3 que el Congreso tiene la disposici\u00f3n de atender los temas relacionados con el bienestar de las personas con discapacidad, y por ello se est\u00e1 atendiendo, a trav\u00e9s de esta consulta, sus planteamientos y propuestas.<\/p>\n<p style=\"text-align: justify;\">Asimismo, coment\u00f3 que se estableci\u00f3 una alianza con los diferentes presidentes municipales de la Costa Chica y con la beneficencia p\u00fablica a nivel federal para iniciar un censo que permita brindar apoyo a todas las personas con discapacidad de la regi\u00f3n, facilit\u00e1ndoles sillas de ruedas, aparatos auditivos, lentes, andaderas, entre otros materiales adaptados.<\/p>\n<p><img loading=\"lazy\" decoding=\"async\" class=\"alignnone size-medium wp-image-7685\" src=\"https:\/\/congresogro.gob.mx\/63\/inicio\/wp-content\/uploads\/2023\/08\/CONSULTA-TLACOACHIS-BOL-300-8-640x426.jpeg\" alt=\"\" width=\"640\" height=\"426\" srcset=\"https:\/\/congresogro.gob.mx\/63\/inicio\/wp-content\/uploads\/2023\/08\/CONSULTA-TLACOACHIS-BOL-300-8-640x426.jpeg 640w, https:\/\/congresogro.gob.mx\/63\/inicio\/wp-content\/uploads\/2023\/08\/CONSULTA-TLACOACHIS-BOL-300-8-1280x853.jpeg 1280w, https:\/\/congresogro.gob.mx\/63\/inicio\/wp-content\/uploads\/2023\/08\/CONSULTA-TLACOACHIS-BOL-300-8-768x512.jpeg 768w, https:\/\/congresogro.gob.mx\/63\/inicio\/wp-content\/uploads\/2023\/08\/CONSULTA-TLACOACHIS-BOL-300-8-1536x1023.jpeg 1536w, https:\/\/congresogro.gob.mx\/63\/inicio\/wp-content\/uploads\/2023\/08\/CONSULTA-TLACOACHIS-BOL-300-8-320x213.jpeg 320w, https:\/\/congresogro.gob.mx\/63\/inicio\/wp-content\/uploads\/2023\/08\/CONSULTA-TLACOACHIS-BOL-300-8.jpeg 1600w\" sizes=\"auto, (max-width: 640px) 100vw, 640px\" \/><\/p>\n<p style=\"text-align: justify;\">En su oportunidad, Yareht Sara\u00ed Pineda Arce, presidenta del municipio sede, reconoci\u00f3 los trabajos encabezados por el Congreso del Estado y se congratul\u00f3 por que Tlacoachistlahuaca sea parte de este hist\u00f3rico proceso de consulta.<\/p>\n<p style=\"text-align: justify;\">La alcaldesa detall\u00f3 que aqu\u00ed existen 200 ni\u00f1as y ni\u00f1os con alguna discapacidad, y que 80 por ciento de los habitantes habla mixteco y 20 por ciento amuzgo. En ese sentido, destac\u00f3 que en las mesas de trabajo haya int\u00e9rpretes de estas lenguas originarias para recabar adecuadamente las vivencias de este grupo social vulnerado hist\u00f3ricamente.<\/p>\n<p style=\"text-align: justify;\">Al evento tambi\u00e9n asisti\u00f3 el coordinador de la Unidad de Procesos de Consulta del Congreso del Estado, Juan Salvador Susunaga Flores, as\u00ed como la secretaria del DIF Municipal, Dalia Morales Onofre; el s\u00edndico procurador del Ayuntamiento, F\u00e9lix Guerrero, y en representaci\u00f3n del Sector Salud la enfermera Yareli Nieto, adem\u00e1s del diputado suplente del Distrito XVI, Hermelindo Garc\u00eda.<\/p>\n","protected":false},"excerpt":{"rendered":"<p>Tlacoachistlahuaca, Gro., a 02 de agosto de 2023.- El Congreso del Estado desarroll\u00f3 este mi\u00e9rcoles en este municipio de la Costa Chica las Mesas de Trabajo Presenciales relacionadas con la Consulta a Personas con Discapacidad para el Proceso Legislativo en Materia de Educaci\u00f3n Inclusiva. En su intervenci\u00f3n durante el desarrollo del evento, la diputada Gloria&#8230;<\/p>\n","protected":false},"author":1,"featured_media":7684,"comment_status":"closed","ping_status":"open","sticky":false,"template":"","format":"standard","meta":{"_monsterinsights_skip_tracking":false,"_monsterinsights_sitenote_active":false,"_monsterinsights_sitenote_note":"","_monsterinsights_sitenote_category":0,"footnotes":""},"categories":[3,63,21],"tags":[],"class_list":["post-7683","post","type-post","status-publish","format-standard","has-post-thumbnail","hentry","category-boletin","category-educacion-inclusiva","category-gloria-citlali-calixto-jimenez"],"aioseo_notices":[],"_links":{"self":[{"href":"https:\/\/congresogro.gob.mx\/63\/inicio\/wp-json\/wp\/v2\/posts\/7683","targetHints":{"allow":["GET"]}}],"collection":[{"href":"https:\/\/congresogro.gob.mx\/63\/inicio\/wp-json\/wp\/v2\/posts"}],"about":[{"href":"https:\/\/congresogro.gob.mx\/63\/inicio\/wp-json\/wp\/v2\/types\/post"}],"author":[{"embeddable":true,"href":"https:\/\/congresogro.gob.mx\/63\/inicio\/wp-json\/wp\/v2\/users\/1"}],"replies":[{"embeddable":true,"href":"https:\/\/congresogro.gob.mx\/63\/inicio\/wp-json\/wp\/v2\/comments?post=7683"}],"version-history":[{"count":1,"href":"https:\/\/congresogro.gob.mx\/63\/inicio\/wp-json\/wp\/v2\/posts\/7683\/revisions"}],"predecessor-version":[{"id":7686,"href":"https:\/\/congresogro.gob.mx\/63\/inicio\/wp-json\/wp\/v2\/posts\/7683\/revisions\/7686"}],"wp:featuredmedia":[{"embeddable":true,"href":"https:\/\/congresogro.gob.mx\/63\/inicio\/wp-json\/wp\/v2\/media\/7684"}],"wp:attachment":[{"href":"https:\/\/congresogro.gob.mx\/63\/inicio\/wp-json\/wp\/v2\/media?parent=7683"}],"wp:term":[{"taxonomy":"category","embeddable":true,"href":"https:\/\/congresogro.gob.mx\/63\/inicio\/wp-json\/wp\/v2\/categories?post=7683"},{"taxonomy":"post_tag","embeddable":true,"href":"https:\/\/congresogro.gob.mx\/63\/inicio\/wp-json\/wp\/v2\/tags?post=7683"}],"curies":[{"name":"wp","href":"https:\/\/api.w.org\/{rel}","templated":true}]}}