{"id":7548,"date":"2023-07-09T09:18:49","date_gmt":"2023-07-09T15:18:49","guid":{"rendered":"https:\/\/congresogro.gob.mx\/63\/inicio\/?p=7548"},"modified":"2023-07-12T09:20:22","modified_gmt":"2023-07-12T15:20:22","slug":"es-necesario-resolver-deficiencias-en-la-ley-de-fiscalizacion-plantea-el-diputado-antonio-helguera","status":"publish","type":"post","link":"https:\/\/congresogro.gob.mx\/63\/inicio\/2023\/07\/09\/es-necesario-resolver-deficiencias-en-la-ley-de-fiscalizacion-plantea-el-diputado-antonio-helguera\/","title":{"rendered":"ES NECESARIO RESOLVER DEFICIENCIAS EN LA LEY DE FISCALIZACI\u00d3N, PLANTEA EL DIPUTADO ANTONIO HELGUERA"},"content":{"rendered":"<p style=\"text-align: justify;\"><strong>Chilpancingo, Gro., 09 de julio de 2023<\/strong>.- El diputado Antonio Helguera Jim\u00e9nez consider\u00f3 necesario hacer modificaciones a la Ley de Fiscalizaci\u00f3n Superior y Rendici\u00f3n de Cuentas para reducir los plazos de los procesos de revisi\u00f3n, garantizando con ello el buen manejo de los recursos p\u00fablicos.<\/p>\n<p style=\"text-align: justify;\">En entrevista, el legislador integrante del Grupo Parlamentario de Morena reconoci\u00f3 que actualmente el proceso de fiscalizaci\u00f3n es muy tardado y da oportunidad a las violaciones administrativas por parte de los entes fiscalizables.<\/p>\n<p style=\"text-align: justify;\">Explic\u00f3 que cuando se hace obra p\u00fablica y se reporta mucho tiempo despu\u00e9s, trae como consecuencia que la ASE no ejerza oportunamente sus facultades de fiscalizaci\u00f3n, situaci\u00f3n que debe corregirse mediante la adecuaci\u00f3n del marco normativo.<\/p>\n<p style=\"text-align: justify;\">El legislador adelant\u00f3 que acompa\u00f1ar\u00e1 esta propuesta de modificaciones a la Ley de Fiscalizaci\u00f3n, y con el apoyo de su equipo t\u00e9cnico y asesores har\u00e1 sus respectivas aportaciones, de modo que la iniciativa prospere.<\/p>\n","protected":false},"excerpt":{"rendered":"<p>Chilpancingo, Gro., 09 de julio de 2023.- El diputado Antonio Helguera Jim\u00e9nez consider\u00f3 necesario hacer modificaciones a la Ley de Fiscalizaci\u00f3n Superior y Rendici\u00f3n de Cuentas para reducir los plazos de los procesos de revisi\u00f3n, garantizando con ello el buen manejo de los recursos p\u00fablicos. En entrevista, el legislador integrante del Grupo Parlamentario de Morena&#8230;<\/p>\n","protected":false},"author":1,"featured_media":7549,"comment_status":"closed","ping_status":"open","sticky":false,"template":"","format":"standard","meta":{"_monsterinsights_skip_tracking":false,"_monsterinsights_sitenote_active":false,"_monsterinsights_sitenote_note":"","_monsterinsights_sitenote_category":0,"footnotes":""},"categories":[17,3],"tags":[],"class_list":["post-7548","post","type-post","status-publish","format-standard","has-post-thumbnail","hentry","category-antonio-helguera-jimenez","category-boletin"],"aioseo_notices":[],"_links":{"self":[{"href":"https:\/\/congresogro.gob.mx\/63\/inicio\/wp-json\/wp\/v2\/posts\/7548","targetHints":{"allow":["GET"]}}],"collection":[{"href":"https:\/\/congresogro.gob.mx\/63\/inicio\/wp-json\/wp\/v2\/posts"}],"about":[{"href":"https:\/\/congresogro.gob.mx\/63\/inicio\/wp-json\/wp\/v2\/types\/post"}],"author":[{"embeddable":true,"href":"https:\/\/congresogro.gob.mx\/63\/inicio\/wp-json\/wp\/v2\/users\/1"}],"replies":[{"embeddable":true,"href":"https:\/\/congresogro.gob.mx\/63\/inicio\/wp-json\/wp\/v2\/comments?post=7548"}],"version-history":[{"count":1,"href":"https:\/\/congresogro.gob.mx\/63\/inicio\/wp-json\/wp\/v2\/posts\/7548\/revisions"}],"predecessor-version":[{"id":7550,"href":"https:\/\/congresogro.gob.mx\/63\/inicio\/wp-json\/wp\/v2\/posts\/7548\/revisions\/7550"}],"wp:featuredmedia":[{"embeddable":true,"href":"https:\/\/congresogro.gob.mx\/63\/inicio\/wp-json\/wp\/v2\/media\/7549"}],"wp:attachment":[{"href":"https:\/\/congresogro.gob.mx\/63\/inicio\/wp-json\/wp\/v2\/media?parent=7548"}],"wp:term":[{"taxonomy":"category","embeddable":true,"href":"https:\/\/congresogro.gob.mx\/63\/inicio\/wp-json\/wp\/v2\/categories?post=7548"},{"taxonomy":"post_tag","embeddable":true,"href":"https:\/\/congresogro.gob.mx\/63\/inicio\/wp-json\/wp\/v2\/tags?post=7548"}],"curies":[{"name":"wp","href":"https:\/\/api.w.org\/{rel}","templated":true}]}}