{"id":754,"date":"2021-10-19T14:26:33","date_gmt":"2021-10-19T14:26:33","guid":{"rendered":"https:\/\/congresogro.gob.mx\/63\/inicio\/?p=754"},"modified":"2021-10-20T14:28:01","modified_gmt":"2021-10-20T14:28:01","slug":"impulsara-diputada-marben-de-la-cruz-reformas-para-erradicar-todo-tipo-de-discriminacion-en-guerrero","status":"publish","type":"post","link":"https:\/\/congresogro.gob.mx\/63\/inicio\/2021\/10\/19\/impulsara-diputada-marben-de-la-cruz-reformas-para-erradicar-todo-tipo-de-discriminacion-en-guerrero\/","title":{"rendered":"IMPULSAR\u00c1 DIPUTADA MARBEN DE LA CRUZ REFORMAS PARA ERRADICAR TODO TIPO DE DISCRIMINACI\u00d3N EN GUERRERO"},"content":{"rendered":"<p style=\"text-align: justify;\"><strong>Chilpancingo, Gro., 19 de octubre de 2021.- <\/strong>La diputada Marben de la Cruz Santiago anunci\u00f3 el impulso de una agenda legislativa que busca reformar leyes en favor de las mujeres ind\u00edgenas y afromexicanas, con el prop\u00f3sito de erradicar todo tipo de discriminaci\u00f3n, racismo y la violencia pol\u00edtica por raz\u00f3n de g\u00e9nero.<\/p>\n<p style=\"text-align: justify;\">Record\u00f3 que se han logrado reformas importantes en favor de este sector, mismas que se vieron reflejadas en el pasado proceso electoral, donde las mujeres lograron buenos resultados y arribaron a diferentes espacios, como en el caso de la LXIII Legislatura, cuya composici\u00f3n cuenta con la mitad de mujeres.<\/p>\n<p style=\"text-align: justify;\">Asimismo, algunos ayuntamientos ser\u00e1n dirigidos por f\u00e9minas y por primera vez se tendr\u00e1 al frente del gobierno estatal a una mujer; sin embargo, indic\u00f3 que a\u00fan falta mucho por hacer.<\/p>\n<p style=\"text-align: justify;\">Y es que, agreg\u00f3, en muchas comunidades ind\u00edgenas y afromexicanas del estado a\u00fan se presentan casos de discriminaci\u00f3n y violencia por raz\u00f3n de g\u00e9nero, al considerar que las mujeres no est\u00e1n preparadas para ocupar cargos p\u00fablicos.<\/p>\n<p style=\"text-align: justify;\">Refiri\u00f3 en relaci\u00f3n con lo anterior el caso registrado en la comunidad de Iliatenco, de la regi\u00f3n Monta\u00f1a de Guerrero, hecho que fue condenado y sancionado por la autoridad judicial y que compromete al Congreso del Estado a seguir legislando para eliminar la violencia hacia la mujer en todos los \u00e1mbitos de la vida, para que casos como este dejen de manifestarse en las comunidades ind\u00edgenas y afromexicanas a causa de ideas y cultura cimentadas.<\/p>\n<p style=\"text-align: justify;\">Abund\u00f3 que \u00e9ste es un tema que se debe atacar de fondo, hecho por el cual la agenda que estar\u00e1 desarrollando se enfocar\u00e1 a concientizar a la poblaci\u00f3n infantil y juvenil para eliminar actos de violencia, racismo, discriminaci\u00f3n por raz\u00f3n de g\u00e9nero, color de piel, etnia, religi\u00f3n, entre otros que generan violaci\u00f3n a los derechos humanos.<\/p>\n<p style=\"text-align: justify;\">De la Cruz Santiago inform\u00f3 que tambi\u00e9n presentar\u00e1 reformas a la Constituci\u00f3n Pol\u00edtica local y dem\u00e1s ordenamientos para que los libros de texto gratuito que son entregados en las zonas ind\u00edgenas y afromexicanas sean en las lenguas maternas, que garanticen los derechos de estos pueblos.<\/p>\n<p style=\"text-align: justify;\">\u201cTenemos que proteger esta cultura para evitar que desaparezcan las lenguas originarias; eso se puede reforzar a trav\u00e9s de los libros escolares, para que nuestros ni\u00f1os y j\u00f3venes tengan identidad, se sientan orgullosos y resalten su etnia ind\u00edgena desde temprana edad\u201d, apunt\u00f3.<\/p>\n","protected":false},"excerpt":{"rendered":"<p>Chilpancingo, Gro., 19 de octubre de 2021.- La diputada Marben de la Cruz Santiago anunci\u00f3 el impulso de una agenda legislativa que busca reformar leyes en favor de las mujeres ind\u00edgenas y afromexicanas, con el prop\u00f3sito de erradicar todo tipo de discriminaci\u00f3n, racismo y la violencia pol\u00edtica por raz\u00f3n de g\u00e9nero. Record\u00f3 que se han&#8230;<\/p>\n","protected":false},"author":1,"featured_media":755,"comment_status":"closed","ping_status":"open","sticky":false,"template":"","format":"standard","meta":{"_monsterinsights_skip_tracking":false,"_monsterinsights_sitenote_active":false,"_monsterinsights_sitenote_note":"","_monsterinsights_sitenote_category":0,"footnotes":""},"categories":[3,12],"tags":[],"class_list":["post-754","post","type-post","status-publish","format-standard","has-post-thumbnail","hentry","category-boletin","category-marben-de-la-cruz-santiago"],"aioseo_notices":[],"_links":{"self":[{"href":"https:\/\/congresogro.gob.mx\/63\/inicio\/wp-json\/wp\/v2\/posts\/754","targetHints":{"allow":["GET"]}}],"collection":[{"href":"https:\/\/congresogro.gob.mx\/63\/inicio\/wp-json\/wp\/v2\/posts"}],"about":[{"href":"https:\/\/congresogro.gob.mx\/63\/inicio\/wp-json\/wp\/v2\/types\/post"}],"author":[{"embeddable":true,"href":"https:\/\/congresogro.gob.mx\/63\/inicio\/wp-json\/wp\/v2\/users\/1"}],"replies":[{"embeddable":true,"href":"https:\/\/congresogro.gob.mx\/63\/inicio\/wp-json\/wp\/v2\/comments?post=754"}],"version-history":[{"count":1,"href":"https:\/\/congresogro.gob.mx\/63\/inicio\/wp-json\/wp\/v2\/posts\/754\/revisions"}],"predecessor-version":[{"id":756,"href":"https:\/\/congresogro.gob.mx\/63\/inicio\/wp-json\/wp\/v2\/posts\/754\/revisions\/756"}],"wp:featuredmedia":[{"embeddable":true,"href":"https:\/\/congresogro.gob.mx\/63\/inicio\/wp-json\/wp\/v2\/media\/755"}],"wp:attachment":[{"href":"https:\/\/congresogro.gob.mx\/63\/inicio\/wp-json\/wp\/v2\/media?parent=754"}],"wp:term":[{"taxonomy":"category","embeddable":true,"href":"https:\/\/congresogro.gob.mx\/63\/inicio\/wp-json\/wp\/v2\/categories?post=754"},{"taxonomy":"post_tag","embeddable":true,"href":"https:\/\/congresogro.gob.mx\/63\/inicio\/wp-json\/wp\/v2\/tags?post=754"}],"curies":[{"name":"wp","href":"https:\/\/api.w.org\/{rel}","templated":true}]}}