{"id":7446,"date":"2023-06-14T09:14:27","date_gmt":"2023-06-14T15:14:27","guid":{"rendered":"https:\/\/congresogro.gob.mx\/63\/inicio\/?p=7446"},"modified":"2023-06-15T09:15:10","modified_gmt":"2023-06-15T15:15:10","slug":"aprueba-congreso-tipificar-como-delito-la-violencia-vicaria","status":"publish","type":"post","link":"https:\/\/congresogro.gob.mx\/63\/inicio\/2023\/06\/14\/aprueba-congreso-tipificar-como-delito-la-violencia-vicaria\/","title":{"rendered":"APRUEBA CONGRESO TIPIFICAR  COMO DELITO LA VIOLENCIA VICARIA"},"content":{"rendered":"<p style=\"text-align: justify;\"><strong>Chilpancingo, Gro., 14 de junio de 2023.- <\/strong>El Congreso de Guerrero aprob\u00f3 reformas y adiciones a los C\u00f3digos Civil y Penal del Estado y a las Leyes de Acceso de las Mujeres a una Vida Libre de Violencia y de Prevenci\u00f3n y Atenci\u00f3n de la Violencia Familiar, para incluir y tipificar como delito la violencia vicaria, con una penalidad de 4 a 8 a\u00f1os de prisi\u00f3n, as\u00ed como la p\u00e9rdida de los derechos con respecto a las v\u00edctimas directas e indirectas, incluidos los de guardia y custodia, patria potestad y de car\u00e1cter sucesorio de hijas e hijos.<\/p>\n<p style=\"text-align: justify;\">De acuerdo con el dictamen emitido por las Comisiones Unidas de Justicia y Para la Igualdad de G\u00e9nero, la violencia vicaria es aquella que se ejerce sobre los hijos para herir principalmente a la madre, asegur\u00e1ndose el maltratador de que la mujer no se recupere jam\u00e1s, caus\u00e1ndole un da\u00f1o extremo.<\/p>\n<p style=\"text-align: justify;\">Se\u00f1ala, adem\u00e1s, que este tipo de violencia que se ha venido desarrollando recientemente, produce consecuencias en la salud, seguridad y, en los peores casos, la vida de la infancia, por lo cual se deben tomar acciones firmes que protejan y garanticen los derechos de las mujeres y de los menores.<\/p>\n<p style=\"text-align: justify;\">Las comisiones coinciden en que la violencia contra las mujeres, en su condici\u00f3n de ni\u00f1as, adolescentes y adultas, siempre \u201cser\u00e1 absurda y una pr\u00e1ctica que debe repudiarse, porque se basa en la brutalidad de una prejuiciosa subcultura machista y patrimonialista que ha sido r\u00e9mora y verg\u00fcenza del ser humano\u201d.<\/p>\n<p style=\"text-align: justify;\">Subraya, asimismo, que el reconocer y regular la violencia vicaria es m\u00e1s que un acoplamiento jur\u00eddico a reclamos internacionales bien intencionados, asumi\u00e9ndose como un compromiso con la sociedad y los m\u00e1s altos valores.<\/p>\n<p style=\"text-align: justify;\">Al fundamentar el dictamen, la diputada Gabriela Bernal Res\u00e9ndiz, a nombre de las Comisiones Unidas, se\u00f1al\u00f3 que es imprescindible conocer y reconocer los tipos de violencia que existen en la sociedad para poder combatirlos, ya que, \u201ccomo se ha se\u00f1alado, lo que no se nombra no existe, pues a pesar de los avances significativos en cuanto a igualdad de g\u00e9nero en los \u00faltimos a\u00f1os, todav\u00eda existen desigualdades estructurales que perjudican a las mujeres en todas las \u00e1reas de sus vidas\u201d.<\/p>\n<p style=\"text-align: justify;\">La legisladora tambi\u00e9n llam\u00f3 a sus hom\u00f3logos a la reflexi\u00f3n para visibilizar esta violencia que no es nueva, y que los colectivos de mujeres y la sociedad civil han exigido que se castigue.<\/p>\n<p style=\"text-align: justify;\">\u201cCompa\u00f1eras y compa\u00f1eros diputados, hagamos que esta legislatura de la paridad siga haciendo historia, sigamos entreg\u00e1ndole buenas cuentas a las mujeres y a las infancias de Guerrero con quienes se tienen tantas deudas; hag\u00e1moslo votando en unanimidad esta reforma; hagamos una realidad la ley contra la violencia vicaria\u201d, remarc\u00f3.<\/p>\n<p style=\"text-align: justify;\">La diputada Jessica Alejo Rayo fij\u00f3 postura a nombre del Grupo Parlamentario de Morena y como proponente de la iniciativa. Refiri\u00f3 que con este decreto se garantiza el inter\u00e9s superior del menor ante cualquier acci\u00f3n que pretenda vulnerar sus derechos de vivir una vida libre de violencia, resguardando su integridad personal y brind\u00e1ndole las mejores condiciones para su bienestar y desarrollo.<\/p>\n<p style=\"text-align: justify;\">Celebr\u00f3, por \u00faltimo, que Guerrero se sume a las entidades que reconocen en su legislaci\u00f3n la violencia vicaria como un atentado contra la maternidad, recalcando su respaldo y solidaridad a las mujeres de Guerrero que han sufrido este tipo de violencia.<\/p>\n<p style=\"text-align: justify;\">\n<p style=\"text-align: justify;\"><strong>Dict\u00e1menes<\/strong><\/p>\n<p style=\"text-align: justify;\">El Pleno de la LXIII Legislatura aprob\u00f3 un dictamen por el que se declara improcedente una iniciativa de reforma a la Ley de Equilibrio Ecol\u00f3gico y la Protecci\u00f3n al Ambiente del Estado, referente a la integraci\u00f3n en dicho ordenamiento de las Zonas Estatales de Desarrollo Tur\u00edstico Sustentable.<\/p>\n<p style=\"text-align: justify;\">\n<p style=\"text-align: justify;\"><strong>Informe<\/strong><\/p>\n<p style=\"text-align: justify;\">La presidenta de la Mesa Directiva, diputada Yanelly Hern\u00e1ndez Mart\u00ednez, dio lectura al informe de los trabajos legislativos del Segundo Periodo de Sesiones Ordinarias correspondiente al Segundo A\u00f1o de Ejercicio Constitucional de la LXIII Legislatura al Congreso del Estado de Guerrero.<\/p>\n","protected":false},"excerpt":{"rendered":"<p>Chilpancingo, Gro., 14 de junio de 2023.- El Congreso de Guerrero aprob\u00f3 reformas y adiciones a los C\u00f3digos Civil y Penal del Estado y a las Leyes de Acceso de las Mujeres a una Vida Libre de Violencia y de Prevenci\u00f3n y Atenci\u00f3n de la Violencia Familiar, para incluir y tipificar como delito la violencia&#8230;<\/p>\n","protected":false},"author":1,"featured_media":7447,"comment_status":"closed","ping_status":"open","sticky":false,"template":"","format":"standard","meta":{"_monsterinsights_skip_tracking":false,"_monsterinsights_sitenote_active":false,"_monsterinsights_sitenote_note":"","_monsterinsights_sitenote_category":0,"footnotes":""},"categories":[3,42],"tags":[],"class_list":["post-7446","post","type-post","status-publish","format-standard","has-post-thumbnail","hentry","category-boletin","category-gabriela-bernal-resendiz"],"aioseo_notices":[],"_links":{"self":[{"href":"https:\/\/congresogro.gob.mx\/63\/inicio\/wp-json\/wp\/v2\/posts\/7446","targetHints":{"allow":["GET"]}}],"collection":[{"href":"https:\/\/congresogro.gob.mx\/63\/inicio\/wp-json\/wp\/v2\/posts"}],"about":[{"href":"https:\/\/congresogro.gob.mx\/63\/inicio\/wp-json\/wp\/v2\/types\/post"}],"author":[{"embeddable":true,"href":"https:\/\/congresogro.gob.mx\/63\/inicio\/wp-json\/wp\/v2\/users\/1"}],"replies":[{"embeddable":true,"href":"https:\/\/congresogro.gob.mx\/63\/inicio\/wp-json\/wp\/v2\/comments?post=7446"}],"version-history":[{"count":1,"href":"https:\/\/congresogro.gob.mx\/63\/inicio\/wp-json\/wp\/v2\/posts\/7446\/revisions"}],"predecessor-version":[{"id":7448,"href":"https:\/\/congresogro.gob.mx\/63\/inicio\/wp-json\/wp\/v2\/posts\/7446\/revisions\/7448"}],"wp:featuredmedia":[{"embeddable":true,"href":"https:\/\/congresogro.gob.mx\/63\/inicio\/wp-json\/wp\/v2\/media\/7447"}],"wp:attachment":[{"href":"https:\/\/congresogro.gob.mx\/63\/inicio\/wp-json\/wp\/v2\/media?parent=7446"}],"wp:term":[{"taxonomy":"category","embeddable":true,"href":"https:\/\/congresogro.gob.mx\/63\/inicio\/wp-json\/wp\/v2\/categories?post=7446"},{"taxonomy":"post_tag","embeddable":true,"href":"https:\/\/congresogro.gob.mx\/63\/inicio\/wp-json\/wp\/v2\/tags?post=7446"}],"curies":[{"name":"wp","href":"https:\/\/api.w.org\/{rel}","templated":true}]}}