{"id":7443,"date":"2023-06-14T09:13:08","date_gmt":"2023-06-14T15:13:08","guid":{"rendered":"https:\/\/congresogro.gob.mx\/63\/inicio\/?p=7443"},"modified":"2023-06-15T09:14:08","modified_gmt":"2023-06-15T15:14:08","slug":"plantean-reformas-a-la-constitucion-local-para-que-deudores-alimentarios-no-accedan-a-cargos-publicos","status":"publish","type":"post","link":"https:\/\/congresogro.gob.mx\/63\/inicio\/2023\/06\/14\/plantean-reformas-a-la-constitucion-local-para-que-deudores-alimentarios-no-accedan-a-cargos-publicos\/","title":{"rendered":"PLANTEAN REFORMAS A LA CONSTITUCI\u00d3N LOCAL PARA QUE DEUDORES ALIMENTARIOS NO ACCEDAN A CARGOS P\u00daBLICOS"},"content":{"rendered":"<p style=\"text-align: justify;\"><strong>Chilpancingo, Gro., 14 de junio de 2023.- <\/strong>Para incorporar como requisito la presentaci\u00f3n del Certificado de No Inscripci\u00f3n en el Registro Estatal de Deudores Alimentarios Morosos y en el Registro Nacional de Obligaciones Alimentarias para quienes aspiren a ocupar cargos de elecci\u00f3n popular o fungir como jueces, magistrados, auditor superior, integrante del Consejo de Pol\u00edticas P\u00fablicas, consejero de la Judicatura del Poder Judicial del Estado o defensor general del Instituto de la Defensor\u00eda, la diputada Flor A\u00f1orve Ocampo present\u00f3 una iniciativa de reforma a la Constituci\u00f3n Pol\u00edtica del Estado de Guerrero.<\/p>\n<p style=\"text-align: justify;\">Al exponer los motivos de su propuesta, la legisladora integrante del Grupo Parlamentario del PRI record\u00f3 que el 22 de marzo de este a\u00f1o el Congreso de la Uni\u00f3n expidi\u00f3 el decreto de reformas y adiciones a la Ley General de los Derechos de Ni\u00f1as, Ni\u00f1os y Adolescentes en materia de pensiones alimenticias, creando el Registro Nacional de Obligaciones Alimentarias, que concentra la informaci\u00f3n de deudores y acreedores y se trabaja para otorgar efectiva protecci\u00f3n y restituci\u00f3n de los derechos de los infantes.<\/p>\n<p style=\"text-align: justify;\">Se\u00f1al\u00f3 que tambi\u00e9n fue reformada la Constituci\u00f3n Pol\u00edtica de los Estados Unidos Mexicanos para garantizar que toda persona que se postule o acceda a un cargo, empleo o comisi\u00f3n p\u00fablicos cuente con un perfil orientado a respetar la vida, la salud, la libertad, la seguridad y el normal desarrollo sexual, as\u00ed como el derecho de alimentos y los derechos pol\u00edticos electorales de las personas, en especial de las mujeres.<\/p>\n<p style=\"text-align: justify;\">Adem\u00e1s, para garantizar la protecci\u00f3n de las mujeres y el inter\u00e9s superior de la ni\u00f1ez mexicana y la protecci\u00f3n de los derechos humanos de ni\u00f1as, ni\u00f1os y adolescentes, se estableci\u00f3 que ninguna persona agresora sexual, deudora de pensi\u00f3n alimenticia, o que haya incurrido en violencia familiar o violencia pol\u00edtica de g\u00e9nero podr\u00e1 tener un cargo de elecci\u00f3n popular, empleo o comisi\u00f3n p\u00fablicos en ninguno de los tres \u00f3rdenes de gobierno, ya sea municipal, estatal o federal.<\/p>\n<p style=\"text-align: justify;\">Por las consideraciones vertidas, A\u00f1orve Ocampo propone reformar los art\u00edculos 46 fracciones III y IV; 96 fracciones VI y VII y 148, as\u00ed como adicionar los art\u00edculos 46 con una fracci\u00f3n V y una fracci\u00f3n VI y 96 con una fracci\u00f3n VIII, y una fracci\u00f3n IX de la Constituci\u00f3n Pol\u00edtica del Estado Libre y Soberano de Guerrero.<\/p>\n<p style=\"text-align: justify;\">Esta iniciativa se turn\u00f3 a la Comisi\u00f3n de Estudios Constitucionales y Jur\u00eddicos para su an\u00e1lisis y emisi\u00f3n del dictamen correspondiente.<\/p>\n","protected":false},"excerpt":{"rendered":"<p>Chilpancingo, Gro., 14 de junio de 2023.- Para incorporar como requisito la presentaci\u00f3n del Certificado de No Inscripci\u00f3n en el Registro Estatal de Deudores Alimentarios Morosos y en el Registro Nacional de Obligaciones Alimentarias para quienes aspiren a ocupar cargos de elecci\u00f3n popular o fungir como jueces, magistrados, auditor superior, integrante del Consejo de Pol\u00edticas&#8230;<\/p>\n","protected":false},"author":1,"featured_media":7444,"comment_status":"closed","ping_status":"open","sticky":false,"template":"","format":"standard","meta":{"_monsterinsights_skip_tracking":false,"_monsterinsights_sitenote_active":false,"_monsterinsights_sitenote_note":"","_monsterinsights_sitenote_category":0,"footnotes":""},"categories":[3,8],"tags":[],"class_list":["post-7443","post","type-post","status-publish","format-standard","has-post-thumbnail","hentry","category-boletin","category-flor-anorve-ocampo"],"aioseo_notices":[],"_links":{"self":[{"href":"https:\/\/congresogro.gob.mx\/63\/inicio\/wp-json\/wp\/v2\/posts\/7443","targetHints":{"allow":["GET"]}}],"collection":[{"href":"https:\/\/congresogro.gob.mx\/63\/inicio\/wp-json\/wp\/v2\/posts"}],"about":[{"href":"https:\/\/congresogro.gob.mx\/63\/inicio\/wp-json\/wp\/v2\/types\/post"}],"author":[{"embeddable":true,"href":"https:\/\/congresogro.gob.mx\/63\/inicio\/wp-json\/wp\/v2\/users\/1"}],"replies":[{"embeddable":true,"href":"https:\/\/congresogro.gob.mx\/63\/inicio\/wp-json\/wp\/v2\/comments?post=7443"}],"version-history":[{"count":1,"href":"https:\/\/congresogro.gob.mx\/63\/inicio\/wp-json\/wp\/v2\/posts\/7443\/revisions"}],"predecessor-version":[{"id":7445,"href":"https:\/\/congresogro.gob.mx\/63\/inicio\/wp-json\/wp\/v2\/posts\/7443\/revisions\/7445"}],"wp:featuredmedia":[{"embeddable":true,"href":"https:\/\/congresogro.gob.mx\/63\/inicio\/wp-json\/wp\/v2\/media\/7444"}],"wp:attachment":[{"href":"https:\/\/congresogro.gob.mx\/63\/inicio\/wp-json\/wp\/v2\/media?parent=7443"}],"wp:term":[{"taxonomy":"category","embeddable":true,"href":"https:\/\/congresogro.gob.mx\/63\/inicio\/wp-json\/wp\/v2\/categories?post=7443"},{"taxonomy":"post_tag","embeddable":true,"href":"https:\/\/congresogro.gob.mx\/63\/inicio\/wp-json\/wp\/v2\/tags?post=7443"}],"curies":[{"name":"wp","href":"https:\/\/api.w.org\/{rel}","templated":true}]}}