{"id":7439,"date":"2023-06-13T08:39:01","date_gmt":"2023-06-13T14:39:01","guid":{"rendered":"https:\/\/congresogro.gob.mx\/63\/inicio\/?p=7439"},"modified":"2023-06-14T08:40:05","modified_gmt":"2023-06-14T14:40:05","slug":"exhorta-el-congreso-a-municipios-para-que-convoquen-a-la-eleccion-de-comisarias","status":"publish","type":"post","link":"https:\/\/congresogro.gob.mx\/63\/inicio\/2023\/06\/13\/exhorta-el-congreso-a-municipios-para-que-convoquen-a-la-eleccion-de-comisarias\/","title":{"rendered":"EXHORTA EL CONGRESO A MUNICIPIOS PARA  QUE CONVOQUEN A LA ELECCI\u00d3N DE COMISAR\u00cdAS"},"content":{"rendered":"<p style=\"text-align: justify;\"><strong>Chilpancingo, Gro., 13 de junio de 2023.- <\/strong>El Pleno del Congreso del Estado aprob\u00f3 un exhorto a los municipios de la entidad para que de manera oportuna convoquen a elecci\u00f3n de comisarios y comisarias de sus respectivas localidades, en los t\u00e9rminos que establecen la Ley Org\u00e1nica del Municipio Libre y la Ley para la Elecci\u00f3n de Comisar\u00edas Municipales, a efecto de que, con la renovaci\u00f3n de dichas autoridades, se brinde certeza jur\u00eddica a los actos legales y se restituya el derecho de la ciudadan\u00eda a votar libremente por las mismas, con excepci\u00f3n de las poblaciones que se reconozcan como ind\u00edgenas.<\/p>\n<p style=\"text-align: justify;\">Al plantear la propuesta, el diputado Antonio Helguera Jim\u00e9nez (Morena) refiri\u00f3 que los comisarios y comisarias son autoridades que deben contar con legitimidad democr\u00e1tica, electos con las formalidades que se\u00f1alan las leyes, para que sus actos tengan certeza jur\u00eddica, por ser el primer contacto de gobierno con la ciudadan\u00eda y a quienes la comunidad recurre para la soluci\u00f3n de los problemas p\u00fablicos, mismos que, en algunos casos, fungen incluso como jueces del Registro Civil.<\/p>\n<p style=\"text-align: justify;\">Indic\u00f3, asimismo, que de acuerdo con datos del INEGI, en Guerrero hay\u00a06 mil 627 localidades rurales y 142 urbanas distribuidas en los municipios, la mayor\u00eda constituidas en comisar\u00edas, que son \u00f3rganos de desconcentraci\u00f3n territorial de la administraci\u00f3n p\u00fablica municipal, de participaci\u00f3n de la comunidad, integraci\u00f3n vecinal y de car\u00e1cter honor\u00edfico.<\/p>\n<p style=\"text-align: justify;\">Abund\u00f3 que cada tres a\u00f1os se realiza la elecci\u00f3n de comisarias y comisarios mediante procedimientos de elecci\u00f3n vecinal y por planilla, durante la \u00faltima semana del mes de junio del a\u00f1o en que deban renovarse, excepto en las poblaciones que se reconozcan como ind\u00edgenas, donde se eligen en la segunda quincena del mes de diciembre de cada a\u00f1o.<\/p>\n<p style=\"text-align: justify;\">Resalt\u00f3 que la legitimidad de sus periodos como autoridad no debe pasar por alto en el Congreso y el Gobierno del Estado, ya que existen comisarios o comisarias que se han perpetuado en el encargo, con la complicidad de algunos presidentes municipales que han violado la ley simulando procesos electivos, al tener la facultad y obligaci\u00f3n de organizar la jornada electoral, calificar la elecci\u00f3n de los mismos y formular la declaratoria de su nombramiento.<\/p>\n<p style=\"text-align: justify;\">Por las anteriores razones, el legislador propuso solicitar a los ayuntamientos que env\u00eden al Congreso, en un plazo de 10 d\u00edas h\u00e1biles y en formato digital, informaci\u00f3n de la \u00faltima elecci\u00f3n de comisarios y comisarias, fecha de la elecci\u00f3n, acta de c\u00f3mputo de los votos, periodo para el cual fueron electos los comisarios o comisarias en funciones, m\u00e9todo de votaci\u00f3n y evidencia gr\u00e1fica del \u00faltimo proceso electivo.<\/p>\n<p style=\"text-align: justify;\">Adem\u00e1s, se exhort\u00f3 al secretario general de Gobierno del Estado de Guerrero, Ludwig Marcial Reynoso N\u00fa\u00f1ez, para que, en t\u00e9rminos de sus atribuciones legales previstas en la Ley Org\u00e1nica de la Administraci\u00f3n P\u00fablica del Estado de Guerrero, promueva la renovaci\u00f3n y elecci\u00f3n de las comisarias y comisarios entre los presidentes municipales.<\/p>\n<p style=\"text-align: justify;\">\n<p style=\"text-align: justify;\"><strong>Intervenciones<\/strong><\/p>\n<p style=\"text-align: justify;\">El diputado Alfredo S\u00e1nchez Esquivel (Morena) particip\u00f3 con el tema \u201cLos derechos de los pueblos y comunidades ind\u00edgenas afromexicanos\u201d. Refiri\u00f3 que M\u00e9xico es un pa\u00eds pluricultural sustentado en sus pueblos y comunidades ind\u00edgenas que conservan sus propias instituciones sociales, econ\u00f3micas, culturales y pol\u00edticas, todo ello fundamentado en un marco constitucional al que recientemente se le han hecho modificaciones legales para integrar a los pueblos afromexicanos.<\/p>\n<p style=\"text-align: justify;\">Agreg\u00f3 que se ha atendido a diversos grupos que han pedido el acompa\u00f1amiento de los diputados para que coadyuven con la creaci\u00f3n de sus nuevos municipios, como es el caso de la comunidad de Zacualpan, perteneciente al municipio de Ometepec, entre otros. Ante esto, llam\u00f3 al Congreso para que atiendan estas peticiones que no son de tipo pol\u00edtico, sino de desarrollo social.<\/p>\n<p style=\"text-align: justify;\">\n<p style=\"text-align: justify;\"><strong>Comisi\u00f3n Permanente<\/strong><\/p>\n<p style=\"text-align: justify;\">Al final de esta sesi\u00f3n ordinaria, se procedi\u00f3 a la elecci\u00f3n y toma de protesta de las y los diputados propietarios y suplentes que integrar\u00e1n la Comisi\u00f3n Permanente que coordinar\u00e1 los trabajos durante el Segundo Periodo de Receso del Segundo A\u00f1o de Ejercicio Constitucional de la LXIII Legislatura al Congreso del Estado, quedando de la siguiente manera: presidenta, Yanelly Hern\u00e1ndez Mart\u00ednez; primera vicepresidenta, Leticia Castro Ortiz; segundo vicepresidente, Olaguer Hern\u00e1ndez Flores; secretarios propietarios, Masedonio Mendoza Basurto y Ricardo Astudillo Calvo; secretarias suplentes, Beatriz Mojica Morga y Elzy Camacho Pineda; vocales propietarios, Claudia Sierra P\u00e9rez, Rafael Navarrete Quezada, Leticia Mosso Hern\u00e1ndez, Gabriela Bernal Res\u00e9ndiz, Jessica Ivette Alejo Rayo, Nora Vel\u00e1zquez Mart\u00ednez y Bernardo Ortega Jim\u00e9nez; vocales suplentes, Yoloczin Lizbeth Dom\u00ednguez Serna, H\u00e9ctor Apreza Patr\u00f3n, Hilda Jennifer Ponce Mendoza, Esteban Albarr\u00e1n Mendoza, Ang\u00e9lica Espinoza Garc\u00eda, Estrella de la Paz Bernal y Carlos Reyes Torres.<\/p>\n","protected":false},"excerpt":{"rendered":"<p>Chilpancingo, Gro., 13 de junio de 2023.- El Pleno del Congreso del Estado aprob\u00f3 un exhorto a los municipios de la entidad para que de manera oportuna convoquen a elecci\u00f3n de comisarios y comisarias de sus respectivas localidades, en los t\u00e9rminos que establecen la Ley Org\u00e1nica del Municipio Libre y la Ley para la Elecci\u00f3n&#8230;<\/p>\n","protected":false},"author":1,"featured_media":7440,"comment_status":"closed","ping_status":"open","sticky":false,"template":"","format":"standard","meta":{"_monsterinsights_skip_tracking":false,"_monsterinsights_sitenote_active":false,"_monsterinsights_sitenote_note":"","_monsterinsights_sitenote_category":0,"footnotes":""},"categories":[17,3],"tags":[],"class_list":["post-7439","post","type-post","status-publish","format-standard","has-post-thumbnail","hentry","category-antonio-helguera-jimenez","category-boletin"],"aioseo_notices":[],"_links":{"self":[{"href":"https:\/\/congresogro.gob.mx\/63\/inicio\/wp-json\/wp\/v2\/posts\/7439","targetHints":{"allow":["GET"]}}],"collection":[{"href":"https:\/\/congresogro.gob.mx\/63\/inicio\/wp-json\/wp\/v2\/posts"}],"about":[{"href":"https:\/\/congresogro.gob.mx\/63\/inicio\/wp-json\/wp\/v2\/types\/post"}],"author":[{"embeddable":true,"href":"https:\/\/congresogro.gob.mx\/63\/inicio\/wp-json\/wp\/v2\/users\/1"}],"replies":[{"embeddable":true,"href":"https:\/\/congresogro.gob.mx\/63\/inicio\/wp-json\/wp\/v2\/comments?post=7439"}],"version-history":[{"count":1,"href":"https:\/\/congresogro.gob.mx\/63\/inicio\/wp-json\/wp\/v2\/posts\/7439\/revisions"}],"predecessor-version":[{"id":7441,"href":"https:\/\/congresogro.gob.mx\/63\/inicio\/wp-json\/wp\/v2\/posts\/7439\/revisions\/7441"}],"wp:featuredmedia":[{"embeddable":true,"href":"https:\/\/congresogro.gob.mx\/63\/inicio\/wp-json\/wp\/v2\/media\/7440"}],"wp:attachment":[{"href":"https:\/\/congresogro.gob.mx\/63\/inicio\/wp-json\/wp\/v2\/media?parent=7439"}],"wp:term":[{"taxonomy":"category","embeddable":true,"href":"https:\/\/congresogro.gob.mx\/63\/inicio\/wp-json\/wp\/v2\/categories?post=7439"},{"taxonomy":"post_tag","embeddable":true,"href":"https:\/\/congresogro.gob.mx\/63\/inicio\/wp-json\/wp\/v2\/tags?post=7439"}],"curies":[{"name":"wp","href":"https:\/\/api.w.org\/{rel}","templated":true}]}}