{"id":7418,"date":"2023-06-09T09:21:45","date_gmt":"2023-06-09T15:21:45","guid":{"rendered":"https:\/\/congresogro.gob.mx\/63\/inicio\/?p=7418"},"modified":"2023-06-12T09:23:35","modified_gmt":"2023-06-12T15:23:35","slug":"se-desarrolla-con-exito-en-el-congreso-el-parlamento-estudiantil-del-estado","status":"publish","type":"post","link":"https:\/\/congresogro.gob.mx\/63\/inicio\/2023\/06\/09\/se-desarrolla-con-exito-en-el-congreso-el-parlamento-estudiantil-del-estado\/","title":{"rendered":"SE DESARROLLA CON \u00c9XITO EN EL CONGRESO  EL PARLAMENTO ESTUDIANTIL DEL ESTADO"},"content":{"rendered":"<p style=\"text-align: justify;\"><strong>Chilpancingo, Gro., 09 de junio de 2023.- <\/strong>El Congreso del Estado desarroll\u00f3 este viernes el XV Parlamento Estudiantil del Estado de Guerrero \u00abLos Adolescentes y la Cultura de la Legalidad\u00bb, integrado por 45 estudiantes de secundaria de las ocho regiones del estado, quienes expresaron sus ideas y plantearon soluciones a las distintas problem\u00e1ticas del sector educativo y de la sociedad en general.<\/p>\n<p style=\"text-align: justify;\">Al darles la bienvenida a nombre de la LXIII Legislatura, la diputada Yanelly Hern\u00e1ndez Mart\u00ednez manifest\u00f3 que para el Poder Legislativo es de suma importancia escuchar las voces de quienes representan el presente y el futuro de nuestro estado y pa\u00eds.<\/p>\n<p style=\"text-align: justify;\">Les asegur\u00f3, asimismo, que el Congreso del Estado ser\u00e1 no solo el eco de su voz, sino reflejo de sus aspiraciones, a trav\u00e9s de la creaci\u00f3n de mejores leyes que permitan lograr un estado de progreso, desarrollo y paz.<\/p>\n<p style=\"text-align: justify;\">Los invit\u00f3, por \u00faltimo, a expresarse con toda libertad, pero sobre todo con la confianza de que sus voces de alerta, propuestas y demandas ser\u00e1n retomadas por las y los diputados de la LXIII Legislatura.<\/p>\n<p style=\"text-align: justify;\">En su intervenci\u00f3n, el secretario de Educaci\u00f3n en Guerrero, Marcial Rodr\u00edguez Salda\u00f1a, celebr\u00f3 la realizaci\u00f3n del parlamento porque es un foro propicio para que las y los estudiantes reflexionen sobre temas de suma trascendencia, como la cultura de la paz, la no violencia y el respeto de los derechos humanos.<\/p>\n<p style=\"text-align: justify;\">Durante el desarrollo del evento, las y los parlamentaristas exigieron a los tres niveles de gobierno que no escatimen en recursos humanos ni econ\u00f3micos para mejorar el sistema educativo, implementando estrategias tendentes a lograr una educaci\u00f3n de excelencia.<\/p>\n<p style=\"text-align: justify;\">Asimismo, hicieron un llamado a las y los diputados para que sus propuestas sean contempladas en la elaboraci\u00f3n de proyectos de leyes de beneficio colectivo.<\/p>\n<p style=\"text-align: justify;\">Coincidieron en que la inseguridad es una de las peores problem\u00e1ticas en la actualidad, con la cual coadyuvan los contenidos en redes sociales, la televisi\u00f3n y otros medios que hacen amplia difusi\u00f3n de los actos de violencia y la falta de valores, afectando las relaciones al interior de las familias, en la escuela, en el trabajo y en espacios p\u00fablicos.<\/p>\n<p style=\"text-align: justify;\">Reclamaron tambi\u00e9n que en M\u00e9xico, particularmente en Guerrero, no todos tienen acceso a la educaci\u00f3n por la falta de escuelas, o en su defecto de maestros. Ante esto, pidieron que las autoridades competentes cumplan con su labor de garantizar en derecho constitucional a la educaci\u00f3n.<\/p>\n<p style=\"text-align: justify;\">De la misma forma, demandaron a los gobiernos federal, estatal y municipales que implementen pol\u00edticas p\u00fablicas que garanticen espacios libres de violencia, y a la ciudadan\u00eda en general, fortalecer los valores desde casa, estableciendo una comunicaci\u00f3n asertiva y arm\u00f3nica con sus hijos e hijas, que se traslade a las escuelas, \u00e1reas laborales y todo tipo de espacios p\u00fablicos.<\/p>\n<p style=\"text-align: justify;\">Plantearon tambi\u00e9n la elaboraci\u00f3n de leyes que regulen los contenidos de todos los medios de comunicaci\u00f3n, prohibiendo programas y m\u00fasica que hacen apolog\u00eda del delito y la violencia, y en contrapartida proyectar conferencias que promuevan la educaci\u00f3n para la paz y la pr\u00e1ctica de valores.<\/p>\n<p style=\"text-align: justify;\">Las y los participantes de esta edici\u00f3n del Parlamento Estudiantil fueron Bryan Martin Res\u00e9ndiz God\u00ednez, Luis Uriel Morales L\u00e1zaro, Aislinn Guadalupe Bello Dorantes, Luis Donaldo Arellano Cruz, Mar\u00eda Guadalupe Alonzo Mart\u00ednez, Miranda Nikte Ju\u00e1rez Vel\u00e1zquez, Marco Antonio Carrillo Alanis, F\u00e9lix Agust\u00edn Ram\u00edrez Juvencio, Camila N\u00e1jera Ortega, Carlos Daniel Mastache Guill\u00e9n, Paulina Ju\u00e1rez G\u00f3mez, Iker Orlando Rosas C\u00e9spedes, Alejandra Nogueda Trujillo, Polinet Garc\u00eda Mendoza, Dulce Paloma Galeana S\u00e1nchez, Cristy Jimena Morales Leyva, Ivanna G\u00f3mez Robledo, Emiliano Jonuel Alonso Ramos, Jazm\u00edn Espinal Marino, Carolina Herrera V\u00e9lez, Karen Monserrath Lorenzo Vargas, Cynthia Hern\u00e1ndez de Jes\u00fas, Nora Esther G\u00f3mez S\u00e1nchez, Luis \u00c1ngel Cortes Bravo, Diana Rub\u00ed Reyes Pel\u00e1ez, Alexa Jazlynn Pantoja R\u00edos, Maitza\u00e9 Villafuentes Arellano, Josu\u00e9 Yazid S\u00e1nchez Pila, Anel Marisol Santiago Santiago, Maylee Gonz\u00e1lez Hern\u00e1ndez, Dania Nicole Santamar\u00eda Jim\u00e9nez, Aaliyan Torres Rayo, Liliana Ivveth Guti\u00e9rrez Carmen, Cristian Manuel Hern\u00e1ndez Fidel, Cristal Morales Molina, Ghalia Kristen Castro Castillo, Yatziri Silem Jaimes Sotelo, Flor Valentina Medrano Cuevas, Vindy Daniela P\u00e9rez Alcocer, Francisco Javier Garc\u00eda Cervantes Heberth Abdiel Duque Garc\u00eda, Alejandro Benjam\u00edn Ram\u00edrez Ram\u00edrez, Alba Elizdel Hurtado Mena, C\u00e9sar Ibrahim Ver\u00f3nica Manuel y Alondra N\u00e1jera Marcos.<\/p>\n<p style=\"text-align: justify;\">Al final del evento se hizo entrega de reconocimientos a cada uno de los participantes, evento que cont\u00f3 con la presencia de la diputada Yanelly Hern\u00e1ndez Mart\u00ednez, los diputados Masedonio Mendoza Basurto y Fortunato Hern\u00e1ndez Carbajal, presidente y vocal de la Comisi\u00f3n de Educaci\u00f3n, Ciencia y Tecnolog\u00eda; el titular de la SEG, Marcial Rodr\u00edguez Salda\u00f1a; el subsecretario de Educaci\u00f3n B\u00e1sica, Ricardo Castillo Pe\u00f1a; el secretario para el Desarrollo de los Pueblos Ind\u00edgenas, P\u00e1nfilo S\u00e1nchez Almaz\u00e1n, entre otros.<\/p>\n","protected":false},"excerpt":{"rendered":"<p>Chilpancingo, Gro., 09 de junio de 2023.- El Congreso del Estado desarroll\u00f3 este viernes el XV Parlamento Estudiantil del Estado de Guerrero \u00abLos Adolescentes y la Cultura de la Legalidad\u00bb, integrado por 45 estudiantes de secundaria de las ocho regiones del estado, quienes expresaron sus ideas y plantearon soluciones a las distintas problem\u00e1ticas del sector&#8230;<\/p>\n","protected":false},"author":1,"featured_media":7419,"comment_status":"closed","ping_status":"open","sticky":false,"template":"","format":"standard","meta":{"_monsterinsights_skip_tracking":false,"_monsterinsights_sitenote_active":false,"_monsterinsights_sitenote_note":"","_monsterinsights_sitenote_category":0,"footnotes":""},"categories":[3],"tags":[],"class_list":["post-7418","post","type-post","status-publish","format-standard","has-post-thumbnail","hentry","category-boletin"],"aioseo_notices":[],"_links":{"self":[{"href":"https:\/\/congresogro.gob.mx\/63\/inicio\/wp-json\/wp\/v2\/posts\/7418","targetHints":{"allow":["GET"]}}],"collection":[{"href":"https:\/\/congresogro.gob.mx\/63\/inicio\/wp-json\/wp\/v2\/posts"}],"about":[{"href":"https:\/\/congresogro.gob.mx\/63\/inicio\/wp-json\/wp\/v2\/types\/post"}],"author":[{"embeddable":true,"href":"https:\/\/congresogro.gob.mx\/63\/inicio\/wp-json\/wp\/v2\/users\/1"}],"replies":[{"embeddable":true,"href":"https:\/\/congresogro.gob.mx\/63\/inicio\/wp-json\/wp\/v2\/comments?post=7418"}],"version-history":[{"count":1,"href":"https:\/\/congresogro.gob.mx\/63\/inicio\/wp-json\/wp\/v2\/posts\/7418\/revisions"}],"predecessor-version":[{"id":7420,"href":"https:\/\/congresogro.gob.mx\/63\/inicio\/wp-json\/wp\/v2\/posts\/7418\/revisions\/7420"}],"wp:featuredmedia":[{"embeddable":true,"href":"https:\/\/congresogro.gob.mx\/63\/inicio\/wp-json\/wp\/v2\/media\/7419"}],"wp:attachment":[{"href":"https:\/\/congresogro.gob.mx\/63\/inicio\/wp-json\/wp\/v2\/media?parent=7418"}],"wp:term":[{"taxonomy":"category","embeddable":true,"href":"https:\/\/congresogro.gob.mx\/63\/inicio\/wp-json\/wp\/v2\/categories?post=7418"},{"taxonomy":"post_tag","embeddable":true,"href":"https:\/\/congresogro.gob.mx\/63\/inicio\/wp-json\/wp\/v2\/tags?post=7418"}],"curies":[{"name":"wp","href":"https:\/\/api.w.org\/{rel}","templated":true}]}}