{"id":7372,"date":"2023-06-02T09:48:34","date_gmt":"2023-06-02T15:48:34","guid":{"rendered":"https:\/\/congresogro.gob.mx\/63\/inicio\/?p=7372"},"modified":"2023-06-05T09:50:16","modified_gmt":"2023-06-05T15:50:16","slug":"analizan-en-el-congreso-imponer-sanciones-a-quienes-arrojen-colillas-y-cubrebocas-en-espacios-publicos","status":"publish","type":"post","link":"https:\/\/congresogro.gob.mx\/63\/inicio\/2023\/06\/02\/analizan-en-el-congreso-imponer-sanciones-a-quienes-arrojen-colillas-y-cubrebocas-en-espacios-publicos\/","title":{"rendered":"ANALIZAN EN EL CONGRESO IMPONER SANCIONES A QUIENES ARROJEN COLILLAS Y CUBREBOCAS EN ESPACIOS P\u00daBLICOS"},"content":{"rendered":"<p style=\"text-align: justify;\"><strong>Chilpancingo, Gro., 02 de junio de 2023.- <\/strong>La Comisi\u00f3n de Recursos Naturales, Desarrollo Sustentable y Cambio Clim\u00e1tico del Congreso del Estado analiza modificaciones a la Ley de Aprovechamiento y Gesti\u00f3n Integral de Residuos del Estado para sancionar a quien arroje o abandone cubrebocas, colillas de cigarro o residuos de estos productos en la v\u00eda p\u00fablica, \u00e1reas comunes, parques, barrancas y sitios no autorizados en general.<\/p>\n<p style=\"text-align: justify;\">La iniciativa fue presentada por el diputado Masedonio Mendoza Basurto, argumentando la urgencia de atender de manera previsoria el grave problema de contaminaci\u00f3n que provoca el desecho inadecuado o abandono irresponsable de las colillas de cigarro en la v\u00eda p\u00fablica.<\/p>\n<p style=\"text-align: justify;\">Y es que, se\u00f1al\u00f3, las colillas de cigarrillo, al entrar en contacto con el agua, generan un alto nivel de contaminaci\u00f3n por la enorme cantidad de sustancias que las componen, no solo por la nicotina, sino por el alquitr\u00e1n, ars\u00e9nico, plomo e hidrocarburos poliarom\u00e1ticos retenidos en los filtros, impactando en el deterioro del medio ambiente.<\/p>\n<p style=\"text-align: justify;\">En relaci\u00f3n a los cubrebocas, indic\u00f3 que desde el inicio de la pandemia por Covid-19 miles de toneladas de estos insumos se desechan, convirti\u00e9ndose en un nuevo problema de contaminaci\u00f3n masiva, ya que terminan en drenajes, r\u00edos y oc\u00e9anos, junto a los residuos pl\u00e1sticos, adem\u00e1s de ser un foco de infecci\u00f3n para alimentos de consumo humano.<\/p>\n<p style=\"text-align: justify;\">Por estas razones, refiere que es indispensable generar un marco normativo destinado a detener y disminuir la generaci\u00f3n de residuos contaminantes, sancionando el hecho de desechar inadecuadamente las colillas de cigarro y los cubrebocas.<\/p>\n<p style=\"text-align: justify;\">\u201cLas y los ciudadanos consumidores deben actuar de manera responsable ante esta problem\u00e1tica, por lo que la ley deber\u00e1 contemplar como infracci\u00f3n administrativa su desecho o abandono en la v\u00eda p\u00fablica, haci\u00e9ndose acreedores de las sanciones correspondientes de ley\u201d, apunt\u00f3.<\/p>\n<p style=\"text-align: justify;\">La propuesta contempla incluir en el cap\u00edtulo de Infracciones del citado ordenamiento, art\u00edculo 146, que se sanciona el hecho de arrojar o abandonar en la v\u00eda p\u00fablica, \u00e1reas comunes, parques, barrancas y en general en sitios no autorizados, los cubrebocas, colillas de cigarro o residuos de estos productos.<\/p>\n<p style=\"text-align: justify;\">Adem\u00e1s, para evitar interpretaciones distintas, se incluye en el glosario de la ley la definici\u00f3n de \u201ccolilla\u201d y \u201ccubrebocas\u201d, de manera que no exista confusi\u00f3n en la actuaci\u00f3n de las autoridades para la calificaci\u00f3n de las infracciones y su eventual sanci\u00f3n, y se faculta a las autoridades municipales el actuar como \u00f3rgano receptor y substanciador de quejas y denuncias, sumado a sus facultades de imponer las sanciones que procedan conforme a la propia Ley.<\/p>\n","protected":false},"excerpt":{"rendered":"<p>Chilpancingo, Gro., 02 de junio de 2023.- La Comisi\u00f3n de Recursos Naturales, Desarrollo Sustentable y Cambio Clim\u00e1tico del Congreso del Estado analiza modificaciones a la Ley de Aprovechamiento y Gesti\u00f3n Integral de Residuos del Estado para sancionar a quien arroje o abandone cubrebocas, colillas de cigarro o residuos de estos productos en la v\u00eda p\u00fablica,&#8230;<\/p>\n","protected":false},"author":1,"featured_media":7374,"comment_status":"closed","ping_status":"open","sticky":false,"template":"","format":"standard","meta":{"_monsterinsights_skip_tracking":false,"_monsterinsights_sitenote_active":false,"_monsterinsights_sitenote_note":"","_monsterinsights_sitenote_category":0,"footnotes":""},"categories":[3,9],"tags":[],"class_list":["post-7372","post","type-post","status-publish","format-standard","has-post-thumbnail","hentry","category-boletin","category-masedonio-mendoza-aburto"],"aioseo_notices":[],"_links":{"self":[{"href":"https:\/\/congresogro.gob.mx\/63\/inicio\/wp-json\/wp\/v2\/posts\/7372","targetHints":{"allow":["GET"]}}],"collection":[{"href":"https:\/\/congresogro.gob.mx\/63\/inicio\/wp-json\/wp\/v2\/posts"}],"about":[{"href":"https:\/\/congresogro.gob.mx\/63\/inicio\/wp-json\/wp\/v2\/types\/post"}],"author":[{"embeddable":true,"href":"https:\/\/congresogro.gob.mx\/63\/inicio\/wp-json\/wp\/v2\/users\/1"}],"replies":[{"embeddable":true,"href":"https:\/\/congresogro.gob.mx\/63\/inicio\/wp-json\/wp\/v2\/comments?post=7372"}],"version-history":[{"count":1,"href":"https:\/\/congresogro.gob.mx\/63\/inicio\/wp-json\/wp\/v2\/posts\/7372\/revisions"}],"predecessor-version":[{"id":7375,"href":"https:\/\/congresogro.gob.mx\/63\/inicio\/wp-json\/wp\/v2\/posts\/7372\/revisions\/7375"}],"wp:featuredmedia":[{"embeddable":true,"href":"https:\/\/congresogro.gob.mx\/63\/inicio\/wp-json\/wp\/v2\/media\/7374"}],"wp:attachment":[{"href":"https:\/\/congresogro.gob.mx\/63\/inicio\/wp-json\/wp\/v2\/media?parent=7372"}],"wp:term":[{"taxonomy":"category","embeddable":true,"href":"https:\/\/congresogro.gob.mx\/63\/inicio\/wp-json\/wp\/v2\/categories?post=7372"},{"taxonomy":"post_tag","embeddable":true,"href":"https:\/\/congresogro.gob.mx\/63\/inicio\/wp-json\/wp\/v2\/tags?post=7372"}],"curies":[{"name":"wp","href":"https:\/\/api.w.org\/{rel}","templated":true}]}}