{"id":736,"date":"2021-10-14T14:35:07","date_gmt":"2021-10-14T14:35:07","guid":{"rendered":"https:\/\/congresogro.gob.mx\/63\/inicio\/?p=736"},"modified":"2021-10-18T14:36:22","modified_gmt":"2021-10-18T14:36:22","slug":"celebra-diputada-garcia-lucena-que-la-paridad-de-genero-sea-una-realidad-en-guerrero","status":"publish","type":"post","link":"https:\/\/congresogro.gob.mx\/63\/inicio\/2021\/10\/14\/celebra-diputada-garcia-lucena-que-la-paridad-de-genero-sea-una-realidad-en-guerrero\/","title":{"rendered":"CELEBRA DIPUTADA GARC\u00cdA LUCENA QUE LA PARIDAD  DE G\u00c9NERO SEA UNA REALIDAD EN GUERRERO"},"content":{"rendered":"<p style=\"text-align: justify;\"><strong>Chilpancingo, Gro., 14 de octubre de 2021.- <\/strong>La diputada Jennyfer Garc\u00eda Lucena celebr\u00f3 que la paridad de g\u00e9nero sea una realidad en muchos espacios p\u00fablicos de la entidad, en particular el Congreso del Estado, cuya LXIII Legislatura est\u00e1 conformada por 23 mujeres y 23 hombres.<\/p>\n<p style=\"text-align: justify;\">En entrevista, la diputada integrante del Grupo Parlamentario del PRD expuso que lograr que las mujeres participen en la toma de decisiones ha sido una lucha de muchos a\u00f1os que poco a poco se ha ido materializando, dando voz a las mujeres en instancias de los tres niveles de gobierno, desde los cuales contribuyen al desarrollo y transformaci\u00f3n de Guerrero y de todo el pa\u00eds.<\/p>\n<p style=\"text-align: justify;\">Indic\u00f3 que, de manera particular, representar\u00e1 como diputada a la poblaci\u00f3n joven, pero tambi\u00e9n enfocar\u00e1 su trabajo en apoyo a las personas que sufren problemas de tartamudez, condici\u00f3n que genera discriminaci\u00f3n y aislamiento, y que limita su inclusi\u00f3n en los diferentes \u00e1mbitos de la sociedad.<\/p>\n<p style=\"text-align: justify;\">En ese sentido, dijo que como emprender\u00e1 talleres, pl\u00e1ticas y otras actividades para sensibilizar a la poblaci\u00f3n sobre el tema y que contribuyan al desarrollo de este sector, una de las cuales ser\u00e1 el Primer Seminario por el \u201cD\u00eda Internacional de la Toma de Conciencia de la Tartamudez\u201d, a desarrollarse el pr\u00f3ximo 22 de octubre de 09:00 a 18:30 horas en las instalaciones del Poder Legislativo.<\/p>\n<p style=\"text-align: justify;\">La legisladora adelant\u00f3 que est\u00e1 trabajando una iniciativa de reforma a la Ley de Educaci\u00f3n del Estado para que en las escuelas sea obligatoria la materia de Salud Mental, aspecto que considera indispensable para el desarrollo de las y los j\u00f3venes, a trav\u00e9s del reconocimiento de sus valores.<\/p>\n","protected":false},"excerpt":{"rendered":"<p>Chilpancingo, Gro., 14 de octubre de 2021.- La diputada Jennyfer Garc\u00eda Lucena celebr\u00f3 que la paridad de g\u00e9nero sea una realidad en muchos espacios p\u00fablicos de la entidad, en particular el Congreso del Estado, cuya LXIII Legislatura est\u00e1 conformada por 23 mujeres y 23 hombres. En entrevista, la diputada integrante del Grupo Parlamentario del PRD&#8230;<\/p>\n","protected":false},"author":1,"featured_media":737,"comment_status":"closed","ping_status":"open","sticky":false,"template":"","format":"standard","meta":{"_monsterinsights_skip_tracking":false,"_monsterinsights_sitenote_active":false,"_monsterinsights_sitenote_note":"","_monsterinsights_sitenote_category":0,"footnotes":""},"categories":[3,35],"tags":[],"class_list":["post-736","post","type-post","status-publish","format-standard","has-post-thumbnail","hentry","category-boletin","category-jennyfer-garcia-lucena"],"aioseo_notices":[],"_links":{"self":[{"href":"https:\/\/congresogro.gob.mx\/63\/inicio\/wp-json\/wp\/v2\/posts\/736","targetHints":{"allow":["GET"]}}],"collection":[{"href":"https:\/\/congresogro.gob.mx\/63\/inicio\/wp-json\/wp\/v2\/posts"}],"about":[{"href":"https:\/\/congresogro.gob.mx\/63\/inicio\/wp-json\/wp\/v2\/types\/post"}],"author":[{"embeddable":true,"href":"https:\/\/congresogro.gob.mx\/63\/inicio\/wp-json\/wp\/v2\/users\/1"}],"replies":[{"embeddable":true,"href":"https:\/\/congresogro.gob.mx\/63\/inicio\/wp-json\/wp\/v2\/comments?post=736"}],"version-history":[{"count":1,"href":"https:\/\/congresogro.gob.mx\/63\/inicio\/wp-json\/wp\/v2\/posts\/736\/revisions"}],"predecessor-version":[{"id":738,"href":"https:\/\/congresogro.gob.mx\/63\/inicio\/wp-json\/wp\/v2\/posts\/736\/revisions\/738"}],"wp:featuredmedia":[{"embeddable":true,"href":"https:\/\/congresogro.gob.mx\/63\/inicio\/wp-json\/wp\/v2\/media\/737"}],"wp:attachment":[{"href":"https:\/\/congresogro.gob.mx\/63\/inicio\/wp-json\/wp\/v2\/media?parent=736"}],"wp:term":[{"taxonomy":"category","embeddable":true,"href":"https:\/\/congresogro.gob.mx\/63\/inicio\/wp-json\/wp\/v2\/categories?post=736"},{"taxonomy":"post_tag","embeddable":true,"href":"https:\/\/congresogro.gob.mx\/63\/inicio\/wp-json\/wp\/v2\/tags?post=736"}],"curies":[{"name":"wp","href":"https:\/\/api.w.org\/{rel}","templated":true}]}}