{"id":7351,"date":"2023-05-31T15:36:56","date_gmt":"2023-05-31T21:36:56","guid":{"rendered":"https:\/\/congresogro.gob.mx\/63\/inicio\/?p=7351"},"modified":"2023-05-31T15:36:56","modified_gmt":"2023-05-31T21:36:56","slug":"analizan-reforma-para-actualizar-la-ley-de-fomento-industrial-del-estado-para-su-fortalecimiento","status":"publish","type":"post","link":"https:\/\/congresogro.gob.mx\/63\/inicio\/2023\/05\/31\/analizan-reforma-para-actualizar-la-ley-de-fomento-industrial-del-estado-para-su-fortalecimiento\/","title":{"rendered":"ANALIZAN REFORMA PARA ACTUALIZAR LA LEY DE FOMENTO INDUSTRIAL DEL ESTADO, PARA SU FORTALECIMIENTO"},"content":{"rendered":"<p style=\"text-align: justify;\"><strong>Chilpancingo, Gro., 31 de mayo de 2023<\/strong>.- En la Comisi\u00f3n de Desarrollo Econ\u00f3mico y Trabajo del Congreso del Estado se analiza una iniciativa de adici\u00f3n y reforma a la Ley de Fomento Industrial para armonizar y actualizar este marco jur\u00eddico que desde hace 56 a\u00f1os no sufre modificaciones, necesitando ser adecuado a la nueva etapa econ\u00f3mica, en pro de una nueva fase de desarrollo.<\/p>\n<p style=\"text-align: justify;\">En su exposici\u00f3n de motivos, el diputado Antonio Helguera menciona que es necesario revisar esta normatividad y reformular el planteamiento original, pues la misma ha caducado en sus objetivos y vigencia.<\/p>\n<p style=\"text-align: justify;\">La propuesta de adici\u00f3n y reforma contiene la ampliaci\u00f3n del texto del art\u00edculo primero, que refiere como objeto de la ley el \u201cfomento y desarrollo industrial del estado de Guerrero, estimulando y facilitando el desarrollo y permanencia de las industrias en la entidad\u201d.<\/p>\n<p style=\"text-align: justify;\">Tambi\u00e9n plantea la atracci\u00f3n de nuevas inversiones directas y actividades industriales que diversifiquen, fortalezcan y establezcan la planta industrial guerrerense, derivando en el desarrollo regional, el bienestar social y la generaci\u00f3n de empleos dignos.<\/p>\n","protected":false},"excerpt":{"rendered":"<p>Chilpancingo, Gro., 31 de mayo de 2023.- En la Comisi\u00f3n de Desarrollo Econ\u00f3mico y Trabajo del Congreso del Estado se analiza una iniciativa de adici\u00f3n y reforma a la Ley de Fomento Industrial para armonizar y actualizar este marco jur\u00eddico que desde hace 56 a\u00f1os no sufre modificaciones, necesitando ser adecuado a la nueva etapa&#8230;<\/p>\n","protected":false},"author":1,"featured_media":7352,"comment_status":"closed","ping_status":"open","sticky":false,"template":"","format":"standard","meta":{"_monsterinsights_skip_tracking":false,"_monsterinsights_sitenote_active":false,"_monsterinsights_sitenote_note":"","_monsterinsights_sitenote_category":0,"footnotes":""},"categories":[17,3],"tags":[],"class_list":["post-7351","post","type-post","status-publish","format-standard","has-post-thumbnail","hentry","category-antonio-helguera-jimenez","category-boletin"],"aioseo_notices":[],"_links":{"self":[{"href":"https:\/\/congresogro.gob.mx\/63\/inicio\/wp-json\/wp\/v2\/posts\/7351","targetHints":{"allow":["GET"]}}],"collection":[{"href":"https:\/\/congresogro.gob.mx\/63\/inicio\/wp-json\/wp\/v2\/posts"}],"about":[{"href":"https:\/\/congresogro.gob.mx\/63\/inicio\/wp-json\/wp\/v2\/types\/post"}],"author":[{"embeddable":true,"href":"https:\/\/congresogro.gob.mx\/63\/inicio\/wp-json\/wp\/v2\/users\/1"}],"replies":[{"embeddable":true,"href":"https:\/\/congresogro.gob.mx\/63\/inicio\/wp-json\/wp\/v2\/comments?post=7351"}],"version-history":[{"count":1,"href":"https:\/\/congresogro.gob.mx\/63\/inicio\/wp-json\/wp\/v2\/posts\/7351\/revisions"}],"predecessor-version":[{"id":7353,"href":"https:\/\/congresogro.gob.mx\/63\/inicio\/wp-json\/wp\/v2\/posts\/7351\/revisions\/7353"}],"wp:featuredmedia":[{"embeddable":true,"href":"https:\/\/congresogro.gob.mx\/63\/inicio\/wp-json\/wp\/v2\/media\/7352"}],"wp:attachment":[{"href":"https:\/\/congresogro.gob.mx\/63\/inicio\/wp-json\/wp\/v2\/media?parent=7351"}],"wp:term":[{"taxonomy":"category","embeddable":true,"href":"https:\/\/congresogro.gob.mx\/63\/inicio\/wp-json\/wp\/v2\/categories?post=7351"},{"taxonomy":"post_tag","embeddable":true,"href":"https:\/\/congresogro.gob.mx\/63\/inicio\/wp-json\/wp\/v2\/tags?post=7351"}],"curies":[{"name":"wp","href":"https:\/\/api.w.org\/{rel}","templated":true}]}}