{"id":7294,"date":"2023-05-25T18:19:10","date_gmt":"2023-05-26T00:19:10","guid":{"rendered":"https:\/\/congresogro.gob.mx\/63\/inicio\/?p=7294"},"modified":"2023-05-25T18:19:10","modified_gmt":"2023-05-26T00:19:10","slug":"proponen-crear-el-parlamento-incluyente-de-las-personas-de-la-diversidad-sexual","status":"publish","type":"post","link":"https:\/\/congresogro.gob.mx\/63\/inicio\/2023\/05\/25\/proponen-crear-el-parlamento-incluyente-de-las-personas-de-la-diversidad-sexual\/","title":{"rendered":"PROPONEN CREAR EL PARLAMENTO INCLUYENTE  DE LAS PERSONAS DE LA DIVERSIDAD SEXUAL"},"content":{"rendered":"<p style=\"text-align: justify;\"><strong>Chilpancingo, Gro., 25 de mayo de 2023<\/strong>.- La diputada Jennyfer Garc\u00eda Lucena present\u00f3 un punto de acuerdo para crear el Parlamento Incluyente de Personas de la Diversidad Sexual del Estado de Guerrero, que permita a este sector hist\u00f3ricamente excluido externar sus ideas, opiniones y propuestas para el perfeccionamiento del marco jur\u00eddico, que garantice sus derechos.<\/p>\n<p style=\"text-align: justify;\">Al exponer su propuesta, la legisladora se\u00f1al\u00f3 que la Constituci\u00f3n Pol\u00edtica ha fortalecido la protecci\u00f3n de los derechos de diversos sectores de la sociedad, en espec\u00edfico de los grupos vulnerables; sin embargo, la comunidad LGBTTTIQ+ sigue siendo excluida del marco normativo en el pa\u00eds.<\/p>\n<p style=\"text-align: justify;\">Por lo anterior, Garc\u00eda Lucena plante\u00f3 la importancia de que el Congreso de Guerrero legisle en la materia para hacer una realidad el reconocimiento de las personas que integran la comunidad LGBTTTIQ+, a trav\u00e9s de leyes que protejan el derecho a su identidad, a la familia y a vivir en pareja; el derecho al empleo, a la seguridad social, a la salud, a una vida libre de violencia, a la igualdad y a la no discriminaci\u00f3n.<\/p>\n<p style=\"text-align: justify;\">En ese sentido, consider\u00f3 que es fundamental realizar un parlamento abierto en el que participen representantes de todas las regiones de la entidad, con la oportunidad de exponer sus necesidades y exigencias, con miras a crear nuevos mecanismos de atenci\u00f3n prioritaria desde una l\u00f3gica horizontal y rompiendo todos los esquemas de violencia y discriminaci\u00f3n, propio de las democracias modernas que garantizan los derechos humanos.<\/p>\n<p style=\"text-align: justify;\">\u201cComo diputadas y diputados debemos generar el marco jur\u00eddico adecuado que permita vivir en una sociedad democr\u00e1tica e igualitaria, y hacer realidad que todas las personas somos libres e iguales ante la ley, bajo una perspectiva de derechos humanos, de g\u00e9nero y de corresponsabilidad social\u201d.<\/p>\n<p style=\"text-align: justify;\">De ser aprobado el acuerdo, el parlamento ser\u00e1 organizado por el Congreso del Estado a trav\u00e9s de la Comisi\u00f3n de Participaci\u00f3n Ciudadana, en coordinaci\u00f3n con el Instituto Electoral y de Participaci\u00f3n Ciudadana, el Tribunal Electoral, la Comisi\u00f3n de los Derechos Humanos y las secretar\u00edas de Educaci\u00f3n y de la Juventud y la Ni\u00f1ez, todos del Estado de Guerrero.<\/p>\n","protected":false},"excerpt":{"rendered":"<p>Chilpancingo, Gro., 25 de mayo de 2023.- La diputada Jennyfer Garc\u00eda Lucena present\u00f3 un punto de acuerdo para crear el Parlamento Incluyente de Personas de la Diversidad Sexual del Estado de Guerrero, que permita a este sector hist\u00f3ricamente excluido externar sus ideas, opiniones y propuestas para el perfeccionamiento del marco jur\u00eddico, que garantice sus derechos&#8230;.<\/p>\n","protected":false},"author":1,"featured_media":7295,"comment_status":"closed","ping_status":"open","sticky":false,"template":"","format":"standard","meta":{"_monsterinsights_skip_tracking":false,"_monsterinsights_sitenote_active":false,"_monsterinsights_sitenote_note":"","_monsterinsights_sitenote_category":0,"footnotes":""},"categories":[3,35],"tags":[],"class_list":["post-7294","post","type-post","status-publish","format-standard","has-post-thumbnail","hentry","category-boletin","category-jennyfer-garcia-lucena"],"aioseo_notices":[],"_links":{"self":[{"href":"https:\/\/congresogro.gob.mx\/63\/inicio\/wp-json\/wp\/v2\/posts\/7294","targetHints":{"allow":["GET"]}}],"collection":[{"href":"https:\/\/congresogro.gob.mx\/63\/inicio\/wp-json\/wp\/v2\/posts"}],"about":[{"href":"https:\/\/congresogro.gob.mx\/63\/inicio\/wp-json\/wp\/v2\/types\/post"}],"author":[{"embeddable":true,"href":"https:\/\/congresogro.gob.mx\/63\/inicio\/wp-json\/wp\/v2\/users\/1"}],"replies":[{"embeddable":true,"href":"https:\/\/congresogro.gob.mx\/63\/inicio\/wp-json\/wp\/v2\/comments?post=7294"}],"version-history":[{"count":1,"href":"https:\/\/congresogro.gob.mx\/63\/inicio\/wp-json\/wp\/v2\/posts\/7294\/revisions"}],"predecessor-version":[{"id":7296,"href":"https:\/\/congresogro.gob.mx\/63\/inicio\/wp-json\/wp\/v2\/posts\/7294\/revisions\/7296"}],"wp:featuredmedia":[{"embeddable":true,"href":"https:\/\/congresogro.gob.mx\/63\/inicio\/wp-json\/wp\/v2\/media\/7295"}],"wp:attachment":[{"href":"https:\/\/congresogro.gob.mx\/63\/inicio\/wp-json\/wp\/v2\/media?parent=7294"}],"wp:term":[{"taxonomy":"category","embeddable":true,"href":"https:\/\/congresogro.gob.mx\/63\/inicio\/wp-json\/wp\/v2\/categories?post=7294"},{"taxonomy":"post_tag","embeddable":true,"href":"https:\/\/congresogro.gob.mx\/63\/inicio\/wp-json\/wp\/v2\/tags?post=7294"}],"curies":[{"name":"wp","href":"https:\/\/api.w.org\/{rel}","templated":true}]}}