{"id":7291,"date":"2023-05-25T18:18:04","date_gmt":"2023-05-26T00:18:04","guid":{"rendered":"https:\/\/congresogro.gob.mx\/63\/inicio\/?p=7291"},"modified":"2023-05-25T18:18:04","modified_gmt":"2023-05-26T00:18:04","slug":"plantean-reforma-a-ley-organica-del-congreso-para-establecer-la-paridad-de-genero-en-comisiones-y-comites","status":"publish","type":"post","link":"https:\/\/congresogro.gob.mx\/63\/inicio\/2023\/05\/25\/plantean-reforma-a-ley-organica-del-congreso-para-establecer-la-paridad-de-genero-en-comisiones-y-comites\/","title":{"rendered":"PLANTEAN REFORMA A LEY ORG\u00c1NICA DEL CONGRESO PARA ESTABLECER LA PARIDAD DE G\u00c9NERO EN COMISIONES Y COMIT\u00c9S"},"content":{"rendered":"<p style=\"text-align: justify;\"><strong>Chilpancingo, Gro., 25 de mayo de 2023<\/strong>.- El diputado Carlos Cruz L\u00f3pez present\u00f3 una iniciativa de reforma a la Ley Org\u00e1nica del Poder Legislativo del Estado para establecer la obligatoriedad de que cada comisi\u00f3n y comit\u00e9 ordinario de este Congreso sea integrado de manera paritaria entre mujeres y hombres.<\/p>\n<p style=\"text-align: justify;\">En su exposici\u00f3n de motivos, el legislador del Grupo Parlamentario de Morena se\u00f1al\u00f3 que el Congreso del Estado se encuentra en una transici\u00f3n positiva en cuanto a la aplicaci\u00f3n de igualdad de g\u00e9nero, lo que se ve reflejado en su estructura y organizaci\u00f3n.<\/p>\n<p style=\"text-align: justify;\">Indic\u00f3 que un ejemplo de los grandes avances que el Poder Legislativo ha logrado en esta materia es la reforma de 2020 a la Ley N\u00famero 483 de Instituciones y Procedimientos Electorales del Estado de Guerrero, en que se establece el procedimiento que debe realizar el Consejo General del Instituto Electoral y de Participaci\u00f3n Ciudadana (IEPC) para lograr la integraci\u00f3n paritaria de la legislatura.<\/p>\n<p style=\"text-align: justify;\">Sin embargo, el legislador considera que hace falta trabajar en la aprobaci\u00f3n de todas las reformas legislativas secundarias y en pol\u00edticas laborales que encaminen a hombres y mujeres hacia una paridad sustantiva, lo cual no ser\u00e1 posible si no se entiende que los roles, estereotipos de g\u00e9nero y su perpetuaci\u00f3n son el principal obst\u00e1culo.<\/p>\n<p style=\"text-align: justify;\">En ese sentido, refiri\u00f3 que para continuar con el avance normativo sin que persistan impedimentos de estructura, se deben realizar las adecuaciones pertinentes a la Ley Org\u00e1nica, mediante una reforma al art\u00edculo 162 para que sea obligatoria la integraci\u00f3n paritaria en todas y cada una de las comisiones y en los comit\u00e9s que integran el Poder Legislativo.<\/p>\n<p style=\"text-align: justify;\">La iniciativa fue turnada a la Comisi\u00f3n de Estudios Constitucionales y Jur\u00eddicos para su respectivo an\u00e1lisis y emisi\u00f3n de dictamen.<\/p>\n","protected":false},"excerpt":{"rendered":"<p>Chilpancingo, Gro., 25 de mayo de 2023.- El diputado Carlos Cruz L\u00f3pez present\u00f3 una iniciativa de reforma a la Ley Org\u00e1nica del Poder Legislativo del Estado para establecer la obligatoriedad de que cada comisi\u00f3n y comit\u00e9 ordinario de este Congreso sea integrado de manera paritaria entre mujeres y hombres. En su exposici\u00f3n de motivos, el&#8230;<\/p>\n","protected":false},"author":1,"featured_media":7292,"comment_status":"closed","ping_status":"open","sticky":false,"template":"","format":"standard","meta":{"_monsterinsights_skip_tracking":false,"_monsterinsights_sitenote_active":false,"_monsterinsights_sitenote_note":"","_monsterinsights_sitenote_category":0,"footnotes":""},"categories":[3,26],"tags":[],"class_list":["post-7291","post","type-post","status-publish","format-standard","has-post-thumbnail","hentry","category-boletin","category-carlos-cruz-lopez"],"aioseo_notices":[],"_links":{"self":[{"href":"https:\/\/congresogro.gob.mx\/63\/inicio\/wp-json\/wp\/v2\/posts\/7291","targetHints":{"allow":["GET"]}}],"collection":[{"href":"https:\/\/congresogro.gob.mx\/63\/inicio\/wp-json\/wp\/v2\/posts"}],"about":[{"href":"https:\/\/congresogro.gob.mx\/63\/inicio\/wp-json\/wp\/v2\/types\/post"}],"author":[{"embeddable":true,"href":"https:\/\/congresogro.gob.mx\/63\/inicio\/wp-json\/wp\/v2\/users\/1"}],"replies":[{"embeddable":true,"href":"https:\/\/congresogro.gob.mx\/63\/inicio\/wp-json\/wp\/v2\/comments?post=7291"}],"version-history":[{"count":1,"href":"https:\/\/congresogro.gob.mx\/63\/inicio\/wp-json\/wp\/v2\/posts\/7291\/revisions"}],"predecessor-version":[{"id":7293,"href":"https:\/\/congresogro.gob.mx\/63\/inicio\/wp-json\/wp\/v2\/posts\/7291\/revisions\/7293"}],"wp:featuredmedia":[{"embeddable":true,"href":"https:\/\/congresogro.gob.mx\/63\/inicio\/wp-json\/wp\/v2\/media\/7292"}],"wp:attachment":[{"href":"https:\/\/congresogro.gob.mx\/63\/inicio\/wp-json\/wp\/v2\/media?parent=7291"}],"wp:term":[{"taxonomy":"category","embeddable":true,"href":"https:\/\/congresogro.gob.mx\/63\/inicio\/wp-json\/wp\/v2\/categories?post=7291"},{"taxonomy":"post_tag","embeddable":true,"href":"https:\/\/congresogro.gob.mx\/63\/inicio\/wp-json\/wp\/v2\/tags?post=7291"}],"curies":[{"name":"wp","href":"https:\/\/api.w.org\/{rel}","templated":true}]}}