{"id":727,"date":"2021-10-15T22:23:06","date_gmt":"2021-10-15T22:23:06","guid":{"rendered":"https:\/\/congresogro.gob.mx\/63\/inicio\/?p=727"},"modified":"2021-10-18T14:39:11","modified_gmt":"2021-10-18T14:39:11","slug":"coordinadores-parlamentarios-se-pronuncian-en-favor-del-trabajo-coordinado-con-la-nueva-jefa-del-ejecutivo-estatal","status":"publish","type":"post","link":"https:\/\/congresogro.gob.mx\/63\/inicio\/2021\/10\/15\/coordinadores-parlamentarios-se-pronuncian-en-favor-del-trabajo-coordinado-con-la-nueva-jefa-del-ejecutivo-estatal\/","title":{"rendered":"COORDINADORES PARLAMENTARIOS SE PRONUNCIAN EN FAVOR DEL TRABAJO COORDINADO CON LA NUEVA JEFA DEL EJECUTIVO ESTATAL"},"content":{"rendered":"<p style=\"text-align: justify;\"><b>Chilpancingo, Gro., 15 de octubre de 2021.-<\/b><span style=\"font-weight: 400;\"> Diputadas y diputados integrantes de la Junta de Coordinaci\u00f3n Pol\u00edtica (Jucopo) del Congreso del Estado se manifestaron en la mejor disposici\u00f3n de coadyuvar desde el \u00e1mbito de su competencia con la jefa del Ejecutivo estatal, Evelyn Cecia Salgado Pineda, con el objeto de que se resuelvan las distintas problem\u00e1ticas de la entidad.\u00a0<\/span><\/p>\n<p style=\"text-align: justify;\"><span style=\"font-weight: 400;\">En entrevista, el diputado Alfredo S\u00e1nchez Esquivel, presidente de la Jucopo, aplaudi\u00f3 que el pueblo de Guerrero eligiera a una mujer como gobernadora, y adelant\u00f3 que el Poder Legislativo coadyuvar\u00e1, en un \u00e1mbito de respeto y coordinaci\u00f3n entre poderes, para que le vaya bien a Guerrero.<\/span><\/p>\n<p style=\"text-align: justify;\"><span style=\"font-weight: 400;\">Asimismo, dijo que estar\u00e1n atentos a la necesidad de adecuaciones a los ordenamientos jur\u00eddicos para una mejor aplicaci\u00f3n de la Ley, as\u00ed como en lo que respecta a la integraci\u00f3n del presupuesto del pr\u00f3ximo a\u00f1o.<\/span><\/p>\n<p style=\"text-align: justify;\"><span style=\"font-weight: 400;\">El diputado Raymundo Garc\u00eda Guti\u00e9rrez, vocal del citado \u00f3rgano y coordinador del Grupo Parlamentario del PRD, dijo por su parte que hoy inicia una nueva etapa social y pol\u00edtica en el estado, ante lo cual ser\u00e1n vigilantes para que se apoye sin distinci\u00f3n a todos los municipios.\u00a0<\/span><\/p>\n<p style=\"text-align: justify;\"><span style=\"font-weight: 400;\">\u201cLo \u00fanico que debe importar es trabajar de manera coordinada, por eso conmino a la gobernadora a apoyarse de personas y servidores p\u00fablicos que conozcan los problemas de Guerrero, y a que priorice mejoras en los rubros de salud, educaci\u00f3n, seguridad p\u00fablica y otros\u201d, abund\u00f3.<\/span><\/p>\n<p style=\"text-align: justify;\"><span style=\"font-weight: 400;\">El diputado Manuel Qui\u00f1\u00f3nez Cort\u00e9s, del Partido Verde Ecologista de M\u00e9xico, dijo en su oportunidad que esto que se vive en Guerrero es el reflejo de la democracia, y que como Poder Legislativo buscar\u00e1n tener una buena coordinaci\u00f3n con el nuevo gobierno estatal para abonar al desarrollo del estado.<\/span><\/p>\n<p style=\"text-align: justify;\"><span style=\"font-weight: 400;\">Finalmente, la diputada Ana Lenis Res\u00e9ndiz Javier, del Partido Acci\u00f3n Nacional, manifest\u00f3 su disposici\u00f3n de trabajar de manera coordinada con la mandataria estatal, indicando que se sumar\u00e1 a las acciones que implemente el nuevo gobierno porque el \u00fanico inter\u00e9s es trabajar por sus representados, a trav\u00e9s de la implementaci\u00f3n de acciones que garanticen mejores condiciones de vida para las y los<\/span> guerrerenses.<\/p>\n","protected":false},"excerpt":{"rendered":"<p>Chilpancingo, Gro., 15 de octubre de 2021.- Diputadas y diputados integrantes de la Junta de Coordinaci\u00f3n Pol\u00edtica (Jucopo) del Congreso del Estado se manifestaron en la mejor disposici\u00f3n de coadyuvar desde el \u00e1mbito de su competencia con la jefa del Ejecutivo estatal, Evelyn Cecia Salgado Pineda, con el objeto de que se resuelvan las distintas&#8230;<\/p>\n","protected":false},"author":1,"featured_media":728,"comment_status":"closed","ping_status":"open","sticky":false,"template":"","format":"standard","meta":{"_monsterinsights_skip_tracking":false,"_monsterinsights_sitenote_active":false,"_monsterinsights_sitenote_note":"","_monsterinsights_sitenote_category":0,"footnotes":""},"categories":[3],"tags":[],"class_list":["post-727","post","type-post","status-publish","format-standard","has-post-thumbnail","hentry","category-boletin"],"aioseo_notices":[],"_links":{"self":[{"href":"https:\/\/congresogro.gob.mx\/63\/inicio\/wp-json\/wp\/v2\/posts\/727","targetHints":{"allow":["GET"]}}],"collection":[{"href":"https:\/\/congresogro.gob.mx\/63\/inicio\/wp-json\/wp\/v2\/posts"}],"about":[{"href":"https:\/\/congresogro.gob.mx\/63\/inicio\/wp-json\/wp\/v2\/types\/post"}],"author":[{"embeddable":true,"href":"https:\/\/congresogro.gob.mx\/63\/inicio\/wp-json\/wp\/v2\/users\/1"}],"replies":[{"embeddable":true,"href":"https:\/\/congresogro.gob.mx\/63\/inicio\/wp-json\/wp\/v2\/comments?post=727"}],"version-history":[{"count":2,"href":"https:\/\/congresogro.gob.mx\/63\/inicio\/wp-json\/wp\/v2\/posts\/727\/revisions"}],"predecessor-version":[{"id":744,"href":"https:\/\/congresogro.gob.mx\/63\/inicio\/wp-json\/wp\/v2\/posts\/727\/revisions\/744"}],"wp:featuredmedia":[{"embeddable":true,"href":"https:\/\/congresogro.gob.mx\/63\/inicio\/wp-json\/wp\/v2\/media\/728"}],"wp:attachment":[{"href":"https:\/\/congresogro.gob.mx\/63\/inicio\/wp-json\/wp\/v2\/media?parent=727"}],"wp:term":[{"taxonomy":"category","embeddable":true,"href":"https:\/\/congresogro.gob.mx\/63\/inicio\/wp-json\/wp\/v2\/categories?post=727"},{"taxonomy":"post_tag","embeddable":true,"href":"https:\/\/congresogro.gob.mx\/63\/inicio\/wp-json\/wp\/v2\/tags?post=727"}],"curies":[{"name":"wp","href":"https:\/\/api.w.org\/{rel}","templated":true}]}}