{"id":716,"date":"2021-10-13T02:46:14","date_gmt":"2021-10-13T02:46:14","guid":{"rendered":"https:\/\/congresogro.gob.mx\/63\/inicio\/?p=716"},"modified":"2021-10-14T02:47:38","modified_gmt":"2021-10-14T02:47:38","slug":"llama-diputada-fernandez-marquez-a-dar-amplia-difusion-a-la-ley-para-prevenir-y-erradicar-la-trata-de-personas","status":"publish","type":"post","link":"https:\/\/congresogro.gob.mx\/63\/inicio\/2021\/10\/13\/llama-diputada-fernandez-marquez-a-dar-amplia-difusion-a-la-ley-para-prevenir-y-erradicar-la-trata-de-personas\/","title":{"rendered":"LLAMA DIPUTADA FERN\u00c1NDEZ M\u00c1RQUEZ A DAR AMPLIA DIFUSI\u00d3N A LA LEY PARA PREVENIR Y ERRADICAR LA TRATA DE PERSONAS"},"content":{"rendered":"<p style=\"text-align: justify;\"><strong>Chilpancingo, Gro., 13 de octubre de 2021.-<\/strong> La diputada Julieta Fern\u00e1ndez M\u00e1rquez se pronunci\u00f3 a favor de que se difunda ampliamente la Ley Para Prevenir y Erradicar la Trata de Personas en Guerrero, con el objeto de evitar los matrimonios forzados de menores, sobre todo en comunidades de la regi\u00f3n Monta\u00f1a.<\/p>\n<p style=\"text-align: justify;\">En entrevista, la legisladora manifest\u00f3 que estas pr\u00e1cticas se siguen dando en gran medida por el desconocimiento de dicha ley que fue aprobada desde el a\u00f1o 2012, y que posteriormente se armoniz\u00f3 con la Ley Federal Para Prevenir, Sancionar y Erradicar los Delitos en Materia de Trata de Personas y Para la Protecci\u00f3n y Asistencia a las V\u00edctimas de estos Delitos.<\/p>\n<p style=\"text-align: justify;\">La integrante del Grupo Parlamentario del PRI destac\u00f3 que este ordenamiento es muy completo, ya que contiene 17 tipos penales; sin embargo, mucha gente lo desconoce y no sabe qu\u00e9 es la trata de personas y en muchas ocasiones puede estar cometiendo este delito o ser c\u00f3mplice sin saberlo.<\/p>\n<p style=\"text-align: justify;\">Manifest\u00f3 que este tipo de hechos se registran generalmente en peque\u00f1as comunidades de los municipios de Cochoapa el Grande y Metlat\u00f3noc, en la regi\u00f3n Monta\u00f1a, e Igualapa, Xochistlahuaca y Tlacoachistlahuaca, de la Costa Chica, como parte de una costumbre ancestral y una manera de hacerse de recursos econ\u00f3micos, al tratarse de familias muy pobres.<\/p>\n<p style=\"text-align: justify;\">Indic\u00f3 que la labor de concientizaci\u00f3n que realizan las secretar\u00edas estatales de Asuntos Ind\u00edgenas y de la Mujer, as\u00ed como el DIF, les indica a las personas que eso no es correcto ni viable, pero adem\u00e1s acarrea sanciones tanto al vendedor como al comprador, para que quede un antecedente y no se vuelva a repetir.<\/p>\n<p style=\"text-align: justify;\">Tambi\u00e9n refiri\u00f3 que debe haber una mayor coordinaci\u00f3n interestatal, una Fiscal\u00eda Especializada y un albergue para atender a las v\u00edctimas de trata, quienes requieren de una atenci\u00f3n adecuada.<\/p>\n<p style=\"text-align: justify;\">\u201cLo que se necesita en Guerrero es darle una amplia difusi\u00f3n a esta ley contra la trata de personas, con el objeto de reducir la incidencia del delito\u201d, apunt\u00f3.<\/p>\n","protected":false},"excerpt":{"rendered":"<p>Chilpancingo, Gro., 13 de octubre de 2021.- La diputada Julieta Fern\u00e1ndez M\u00e1rquez se pronunci\u00f3 a favor de que se difunda ampliamente la Ley Para Prevenir y Erradicar la Trata de Personas en Guerrero, con el objeto de evitar los matrimonios forzados de menores, sobre todo en comunidades de la regi\u00f3n Monta\u00f1a. En entrevista, la legisladora&#8230;<\/p>\n","protected":false},"author":1,"featured_media":717,"comment_status":"closed","ping_status":"open","sticky":false,"template":"","format":"standard","meta":{"_monsterinsights_skip_tracking":false,"_monsterinsights_sitenote_active":false,"_monsterinsights_sitenote_note":"","_monsterinsights_sitenote_category":0,"footnotes":""},"categories":[3,25],"tags":[],"class_list":["post-716","post","type-post","status-publish","format-standard","has-post-thumbnail","hentry","category-boletin","category-julieta-fernandez-marquez"],"aioseo_notices":[],"_links":{"self":[{"href":"https:\/\/congresogro.gob.mx\/63\/inicio\/wp-json\/wp\/v2\/posts\/716","targetHints":{"allow":["GET"]}}],"collection":[{"href":"https:\/\/congresogro.gob.mx\/63\/inicio\/wp-json\/wp\/v2\/posts"}],"about":[{"href":"https:\/\/congresogro.gob.mx\/63\/inicio\/wp-json\/wp\/v2\/types\/post"}],"author":[{"embeddable":true,"href":"https:\/\/congresogro.gob.mx\/63\/inicio\/wp-json\/wp\/v2\/users\/1"}],"replies":[{"embeddable":true,"href":"https:\/\/congresogro.gob.mx\/63\/inicio\/wp-json\/wp\/v2\/comments?post=716"}],"version-history":[{"count":1,"href":"https:\/\/congresogro.gob.mx\/63\/inicio\/wp-json\/wp\/v2\/posts\/716\/revisions"}],"predecessor-version":[{"id":718,"href":"https:\/\/congresogro.gob.mx\/63\/inicio\/wp-json\/wp\/v2\/posts\/716\/revisions\/718"}],"wp:featuredmedia":[{"embeddable":true,"href":"https:\/\/congresogro.gob.mx\/63\/inicio\/wp-json\/wp\/v2\/media\/717"}],"wp:attachment":[{"href":"https:\/\/congresogro.gob.mx\/63\/inicio\/wp-json\/wp\/v2\/media?parent=716"}],"wp:term":[{"taxonomy":"category","embeddable":true,"href":"https:\/\/congresogro.gob.mx\/63\/inicio\/wp-json\/wp\/v2\/categories?post=716"},{"taxonomy":"post_tag","embeddable":true,"href":"https:\/\/congresogro.gob.mx\/63\/inicio\/wp-json\/wp\/v2\/tags?post=716"}],"curies":[{"name":"wp","href":"https:\/\/api.w.org\/{rel}","templated":true}]}}