{"id":7004,"date":"2023-05-21T10:30:03","date_gmt":"2023-05-21T16:30:03","guid":{"rendered":"https:\/\/congresogro.gob.mx\/63\/inicio\/?p=7004"},"modified":"2023-05-22T15:31:58","modified_gmt":"2023-05-22T21:31:58","slug":"exitosa-etapa-consultiva-desarrollaron-congreso-e-iepc-en-comunidades-indigenas-y-afromexicanas","status":"publish","type":"post","link":"https:\/\/congresogro.gob.mx\/63\/inicio\/2023\/05\/21\/exitosa-etapa-consultiva-desarrollaron-congreso-e-iepc-en-comunidades-indigenas-y-afromexicanas\/","title":{"rendered":"EXITOSA ETAPA CONSULTIVA DESARROLLARON CONGRESO E  IEPC EN COMUNIDADES IND\u00cdGENAS Y AFROMEXICANAS"},"content":{"rendered":"<p style=\"text-align: justify;\"><strong>Chilpancingo, Gro., 21 de mayo de 2023.-<\/strong> El Congreso del Estado y el Instituto Electoral y de Participaci\u00f3n Ciudadana de Guerrero (IEPC) desarrollaron este s\u00e1bado y domingo la etapa consultiva de la Consulta previa, libre, informada, culturalmente adecuada y de buena fe a pueblos y comunidades ind\u00edgenas y afromexicanas de 40 municipios de Guerrero.<\/p>\n<p style=\"text-align: justify;\">Durante los denominados di\u00e1logos consultivos, autoridades comunitarias y tradicionales plantearon las propuestas, acuerdos y puntos de vista recabados en sus comunidades respecto a la Ley 483 de Instituciones y Procedimientos Electorales del Estado de Guerrero, relativo a las reglas de postulaci\u00f3n de candidaturas ind\u00edgenas y afromexicanas para cargos de diputaci\u00f3n local e integrantes de los ayuntamientos en el pr\u00f3ximo proceso electoral.<\/p>\n<p style=\"text-align: justify;\">\nTras la jornada de este s\u00e1bado y domingo, sumaron un total de 43 municipios consultados, para continuar esta semana con los di\u00e1logos consultivos en seis municipios restantes: Cuetzala del Progreso, M\u00e1rtir de Cuilapan, San Luis Acatl\u00e1n, Tepecoacuilco de Trujano, Tlalixtaquilla de Maldonado y Xalpatl\u00e1huac, para hacer un total de 49 demarcaciones territoriales que cuentan con m\u00e1s del 40 por ciento de poblaci\u00f3n ind\u00edgena o afromexicana identificada por lengua y autoadscripci\u00f3n, de acuerdo con el Censo de Poblaci\u00f3n y Vivienda 2020 del INEGI.<\/p>\n<p style=\"text-align: justify;\">\nCon el qu\u00f3rum legal necesario para su desarrollo, el d\u00eda 20 de mayo se desarrollaron las mesas de trabajo en Acatepec, Ahuacuotzingo, Buena Vista de Cu\u00e9llar, Copala, Copalillo, Eduardo Neri, Florencio Villarreal, Huitzuco de los Figueroa, Juchit\u00e1n, Metlat\u00f3noc, Ometepec, Tixtla de Guerrero, Tlacoachistlahuaca, Xochihuehuetl\u00e1n y Zitlala.<\/p>\n<p style=\"text-align: justify;\">\nEl 21 de mayo se desarrollaron los di\u00e1logos consultivos en Alcozauca, Alpoyeca, Atenango del R\u00edo, Atlamajalcingo del Monte, Ayutla de los Libres, Azoy\u00fa, Chilapa de \u00c1lvarez, Cochoapa El Grande, Copanatoyac, Cuajinicuilapa, Cualac, Cuautepec, Huamuxtitl\u00e1n, Iguala de la Independencia, Igualapa, Iliatenco, Ixcateopan de Cuauht\u00e9moc, Jos\u00e9 Joaqu\u00edn de Herrera, Malinaltepec, Marquelia, Olinal\u00e1, Tlacoapa, Tlapa de Comonfort, Xochistlahuaca y Zapotitl\u00e1n Tablas.<\/p>\n<p style=\"text-align: justify;\">\nEsta fase de la Consulta inici\u00f3 el pasado jueves 18 de mayo en el municipio de Quechultenango y continu\u00f3 el viernes 19 en los municipios de Mochitl\u00e1n y Atlixtac, con lo que suman cinco d\u00edas de intensa jornada de di\u00e1logos consultivos con autoridades comunitarias y tradicionales de los pueblos y comunidades ind\u00edgenas y afromexicanos.<\/p>\n<p style=\"text-align: justify;\">\nEn los di\u00e1logos consultivos realizados en el municipio de Acatepec, el coordinador de la Unidad de Consultas del Congreso del Estado, Juan Salvador Susunaga Flores, agradeci\u00f3 a nombre de las y los diputados las facilidades brindadas por los ayuntamientos y la disposici\u00f3n de las autoridades comunitarias para la realizaci\u00f3n de esta etapa consultiva, adelantando que las propuestas externadas por las comunidades ser\u00e1n llevadas al Congreso del Estado para enriquecer la Ley Electoral vigente.<\/p>\n<p style=\"text-align: justify;\">\nEn este mismo evento, el consejero presidente de la Comisi\u00f3n de Sistemas Normativos del IEPC-Gro, Edmar Le\u00f3n Garc\u00eda, abund\u00f3 que una vez que se tengan los resultados de la Consulta, tanto el Congreso como el IEPC-Gro regresar\u00e1n a las comunidades a exponer el informe correspondiente.<\/p>\n<p style=\"text-align: justify;\">\nCon esto, el Congreso del Estado reafirma su compromiso de fortalecer la democracia a trav\u00e9s de la participaci\u00f3n de los pueblos y comunidades ind\u00edgenas y afromexicanas, dando a su vez cumplimiento a la sentencia 136\/2020 de la Suprema Corte de Justicia de la Naci\u00f3n.<\/p>\n<p><img loading=\"lazy\" decoding=\"async\" class=\"alignnone size-medium wp-image-7007\" src=\"https:\/\/congresogro.gob.mx\/63\/inicio\/wp-content\/uploads\/2023\/05\/CONSULTAS-BOL-206-7-640x426.jpeg\" alt=\"\" width=\"640\" height=\"426\" srcset=\"https:\/\/congresogro.gob.mx\/63\/inicio\/wp-content\/uploads\/2023\/05\/CONSULTAS-BOL-206-7-640x426.jpeg 640w, https:\/\/congresogro.gob.mx\/63\/inicio\/wp-content\/uploads\/2023\/05\/CONSULTAS-BOL-206-7-1280x853.jpeg 1280w, https:\/\/congresogro.gob.mx\/63\/inicio\/wp-content\/uploads\/2023\/05\/CONSULTAS-BOL-206-7-768x512.jpeg 768w, https:\/\/congresogro.gob.mx\/63\/inicio\/wp-content\/uploads\/2023\/05\/CONSULTAS-BOL-206-7-1536x1023.jpeg 1536w, https:\/\/congresogro.gob.mx\/63\/inicio\/wp-content\/uploads\/2023\/05\/CONSULTAS-BOL-206-7-320x213.jpeg 320w, https:\/\/congresogro.gob.mx\/63\/inicio\/wp-content\/uploads\/2023\/05\/CONSULTAS-BOL-206-7.jpeg 1600w\" sizes=\"auto, (max-width: 640px) 100vw, 640px\" \/> <img loading=\"lazy\" decoding=\"async\" class=\"alignnone size-medium wp-image-7009\" src=\"https:\/\/congresogro.gob.mx\/63\/inicio\/wp-content\/uploads\/2023\/05\/CONSULTAS-BOL-206-1-1-640x384.jpeg\" alt=\"\" width=\"640\" height=\"384\" srcset=\"https:\/\/congresogro.gob.mx\/63\/inicio\/wp-content\/uploads\/2023\/05\/CONSULTAS-BOL-206-1-1-640x384.jpeg 640w, https:\/\/congresogro.gob.mx\/63\/inicio\/wp-content\/uploads\/2023\/05\/CONSULTAS-BOL-206-1-1-1280x768.jpeg 1280w, https:\/\/congresogro.gob.mx\/63\/inicio\/wp-content\/uploads\/2023\/05\/CONSULTAS-BOL-206-1-1-768x461.jpeg 768w, https:\/\/congresogro.gob.mx\/63\/inicio\/wp-content\/uploads\/2023\/05\/CONSULTAS-BOL-206-1-1-1536x922.jpeg 1536w, https:\/\/congresogro.gob.mx\/63\/inicio\/wp-content\/uploads\/2023\/05\/CONSULTAS-BOL-206-1-1-320x192.jpeg 320w, https:\/\/congresogro.gob.mx\/63\/inicio\/wp-content\/uploads\/2023\/05\/CONSULTAS-BOL-206-1-1.jpeg 1600w\" sizes=\"auto, (max-width: 640px) 100vw, 640px\" \/> <img loading=\"lazy\" decoding=\"async\" class=\"alignnone size-medium wp-image-7010\" src=\"https:\/\/congresogro.gob.mx\/63\/inicio\/wp-content\/uploads\/2023\/05\/CONSULTAS-BOL-206-6-640x426.jpeg\" alt=\"\" width=\"640\" height=\"426\" srcset=\"https:\/\/congresogro.gob.mx\/63\/inicio\/wp-content\/uploads\/2023\/05\/CONSULTAS-BOL-206-6-640x426.jpeg 640w, https:\/\/congresogro.gob.mx\/63\/inicio\/wp-content\/uploads\/2023\/05\/CONSULTAS-BOL-206-6-1280x853.jpeg 1280w, https:\/\/congresogro.gob.mx\/63\/inicio\/wp-content\/uploads\/2023\/05\/CONSULTAS-BOL-206-6-768x512.jpeg 768w, https:\/\/congresogro.gob.mx\/63\/inicio\/wp-content\/uploads\/2023\/05\/CONSULTAS-BOL-206-6-1536x1023.jpeg 1536w, https:\/\/congresogro.gob.mx\/63\/inicio\/wp-content\/uploads\/2023\/05\/CONSULTAS-BOL-206-6-320x213.jpeg 320w, https:\/\/congresogro.gob.mx\/63\/inicio\/wp-content\/uploads\/2023\/05\/CONSULTAS-BOL-206-6.jpeg 1600w\" sizes=\"auto, (max-width: 640px) 100vw, 640px\" \/> <img loading=\"lazy\" decoding=\"async\" class=\"alignnone size-medium wp-image-7011\" src=\"https:\/\/congresogro.gob.mx\/63\/inicio\/wp-content\/uploads\/2023\/05\/CONSULTAS-BOL-206-4-640x384.jpeg\" alt=\"\" width=\"640\" height=\"384\" srcset=\"https:\/\/congresogro.gob.mx\/63\/inicio\/wp-content\/uploads\/2023\/05\/CONSULTAS-BOL-206-4-640x384.jpeg 640w, https:\/\/congresogro.gob.mx\/63\/inicio\/wp-content\/uploads\/2023\/05\/CONSULTAS-BOL-206-4-1280x768.jpeg 1280w, https:\/\/congresogro.gob.mx\/63\/inicio\/wp-content\/uploads\/2023\/05\/CONSULTAS-BOL-206-4-768x461.jpeg 768w, https:\/\/congresogro.gob.mx\/63\/inicio\/wp-content\/uploads\/2023\/05\/CONSULTAS-BOL-206-4-1536x922.jpeg 1536w, https:\/\/congresogro.gob.mx\/63\/inicio\/wp-content\/uploads\/2023\/05\/CONSULTAS-BOL-206-4-320x192.jpeg 320w, https:\/\/congresogro.gob.mx\/63\/inicio\/wp-content\/uploads\/2023\/05\/CONSULTAS-BOL-206-4.jpeg 1600w\" sizes=\"auto, (max-width: 640px) 100vw, 640px\" \/> <img loading=\"lazy\" decoding=\"async\" class=\"alignnone size-medium wp-image-7012\" src=\"https:\/\/congresogro.gob.mx\/63\/inicio\/wp-content\/uploads\/2023\/05\/CONSULTAS-BOL-206-2-640x360.jpeg\" alt=\"\" width=\"640\" height=\"360\" srcset=\"https:\/\/congresogro.gob.mx\/63\/inicio\/wp-content\/uploads\/2023\/05\/CONSULTAS-BOL-206-2-640x360.jpeg 640w, https:\/\/congresogro.gob.mx\/63\/inicio\/wp-content\/uploads\/2023\/05\/CONSULTAS-BOL-206-2-1280x720.jpeg 1280w, https:\/\/congresogro.gob.mx\/63\/inicio\/wp-content\/uploads\/2023\/05\/CONSULTAS-BOL-206-2-768x432.jpeg 768w, https:\/\/congresogro.gob.mx\/63\/inicio\/wp-content\/uploads\/2023\/05\/CONSULTAS-BOL-206-2-1536x864.jpeg 1536w, https:\/\/congresogro.gob.mx\/63\/inicio\/wp-content\/uploads\/2023\/05\/CONSULTAS-BOL-206-2-320x180.jpeg 320w, https:\/\/congresogro.gob.mx\/63\/inicio\/wp-content\/uploads\/2023\/05\/CONSULTAS-BOL-206-2.jpeg 1599w\" sizes=\"auto, (max-width: 640px) 100vw, 640px\" \/> <img loading=\"lazy\" decoding=\"async\" class=\"alignnone size-medium wp-image-7013\" src=\"https:\/\/congresogro.gob.mx\/63\/inicio\/wp-content\/uploads\/2023\/05\/CONSULTAS-BOL-206-3-640x480.jpeg\" alt=\"\" width=\"640\" height=\"480\" srcset=\"https:\/\/congresogro.gob.mx\/63\/inicio\/wp-content\/uploads\/2023\/05\/CONSULTAS-BOL-206-3-640x480.jpeg 640w, https:\/\/congresogro.gob.mx\/63\/inicio\/wp-content\/uploads\/2023\/05\/CONSULTAS-BOL-206-3-768x576.jpeg 768w, https:\/\/congresogro.gob.mx\/63\/inicio\/wp-content\/uploads\/2023\/05\/CONSULTAS-BOL-206-3-320x240.jpeg 320w, https:\/\/congresogro.gob.mx\/63\/inicio\/wp-content\/uploads\/2023\/05\/CONSULTAS-BOL-206-3.jpeg 1024w\" sizes=\"auto, (max-width: 640px) 100vw, 640px\" \/> <img loading=\"lazy\" decoding=\"async\" class=\"alignnone size-medium wp-image-7014\" src=\"https:\/\/congresogro.gob.mx\/63\/inicio\/wp-content\/uploads\/2023\/05\/CONSULTAS-BOL-206-5-640x360.jpeg\" alt=\"\" width=\"640\" height=\"360\" srcset=\"https:\/\/congresogro.gob.mx\/63\/inicio\/wp-content\/uploads\/2023\/05\/CONSULTAS-BOL-206-5-640x360.jpeg 640w, https:\/\/congresogro.gob.mx\/63\/inicio\/wp-content\/uploads\/2023\/05\/CONSULTAS-BOL-206-5-1280x720.jpeg 1280w, https:\/\/congresogro.gob.mx\/63\/inicio\/wp-content\/uploads\/2023\/05\/CONSULTAS-BOL-206-5-768x432.jpeg 768w, https:\/\/congresogro.gob.mx\/63\/inicio\/wp-content\/uploads\/2023\/05\/CONSULTAS-BOL-206-5-1536x864.jpeg 1536w, https:\/\/congresogro.gob.mx\/63\/inicio\/wp-content\/uploads\/2023\/05\/CONSULTAS-BOL-206-5-320x180.jpeg 320w, https:\/\/congresogro.gob.mx\/63\/inicio\/wp-content\/uploads\/2023\/05\/CONSULTAS-BOL-206-5.jpeg 1599w\" sizes=\"auto, (max-width: 640px) 100vw, 640px\" \/><\/p>\n","protected":false},"excerpt":{"rendered":"<p>Chilpancingo, Gro., 21 de mayo de 2023.- El Congreso del Estado y el Instituto Electoral y de Participaci\u00f3n Ciudadana de Guerrero (IEPC) desarrollaron este s\u00e1bado y domingo la etapa consultiva de la Consulta previa, libre, informada, culturalmente adecuada y de buena fe a pueblos y comunidades ind\u00edgenas y afromexicanas de 40 municipios de Guerrero. Durante&#8230;<\/p>\n","protected":false},"author":1,"featured_media":7005,"comment_status":"closed","ping_status":"open","sticky":false,"template":"","format":"standard","meta":{"_monsterinsights_skip_tracking":false,"_monsterinsights_sitenote_active":false,"_monsterinsights_sitenote_note":"","_monsterinsights_sitenote_category":0,"footnotes":""},"categories":[3],"tags":[],"class_list":["post-7004","post","type-post","status-publish","format-standard","has-post-thumbnail","hentry","category-boletin"],"aioseo_notices":[],"_links":{"self":[{"href":"https:\/\/congresogro.gob.mx\/63\/inicio\/wp-json\/wp\/v2\/posts\/7004","targetHints":{"allow":["GET"]}}],"collection":[{"href":"https:\/\/congresogro.gob.mx\/63\/inicio\/wp-json\/wp\/v2\/posts"}],"about":[{"href":"https:\/\/congresogro.gob.mx\/63\/inicio\/wp-json\/wp\/v2\/types\/post"}],"author":[{"embeddable":true,"href":"https:\/\/congresogro.gob.mx\/63\/inicio\/wp-json\/wp\/v2\/users\/1"}],"replies":[{"embeddable":true,"href":"https:\/\/congresogro.gob.mx\/63\/inicio\/wp-json\/wp\/v2\/comments?post=7004"}],"version-history":[{"count":4,"href":"https:\/\/congresogro.gob.mx\/63\/inicio\/wp-json\/wp\/v2\/posts\/7004\/revisions"}],"predecessor-version":[{"id":7073,"href":"https:\/\/congresogro.gob.mx\/63\/inicio\/wp-json\/wp\/v2\/posts\/7004\/revisions\/7073"}],"wp:featuredmedia":[{"embeddable":true,"href":"https:\/\/congresogro.gob.mx\/63\/inicio\/wp-json\/wp\/v2\/media\/7005"}],"wp:attachment":[{"href":"https:\/\/congresogro.gob.mx\/63\/inicio\/wp-json\/wp\/v2\/media?parent=7004"}],"wp:term":[{"taxonomy":"category","embeddable":true,"href":"https:\/\/congresogro.gob.mx\/63\/inicio\/wp-json\/wp\/v2\/categories?post=7004"},{"taxonomy":"post_tag","embeddable":true,"href":"https:\/\/congresogro.gob.mx\/63\/inicio\/wp-json\/wp\/v2\/tags?post=7004"}],"curies":[{"name":"wp","href":"https:\/\/api.w.org\/{rel}","templated":true}]}}