{"id":6970,"date":"2023-05-18T09:15:57","date_gmt":"2023-05-18T15:15:57","guid":{"rendered":"https:\/\/congresogro.gob.mx\/63\/inicio\/?p=6970"},"modified":"2023-05-19T09:17:25","modified_gmt":"2023-05-19T15:17:25","slug":"desarrolla-el-congreso-las-mesas-de-trabajo-para-la-participacion-politica-de-personas-con-discapacidad","status":"publish","type":"post","link":"https:\/\/congresogro.gob.mx\/63\/inicio\/2023\/05\/18\/desarrolla-el-congreso-las-mesas-de-trabajo-para-la-participacion-politica-de-personas-con-discapacidad\/","title":{"rendered":"DESARROLLA EL CONGRESO LAS MESAS DE TRABAJO PARA LA PARTICIPACI\u00d3N POL\u00cdTICA DE PERSONAS CON DISCAPACIDAD"},"content":{"rendered":"<p style=\"text-align: justify;\"><strong>Chilpancingo, Gro., 18 de mayo de 2023.-<\/strong> \u201cEl Congreso del Estado tiene el firme compromiso de mejorar los ordenamientos jur\u00eddicos en favor de los grupos sociales que por muchos a\u00f1os han sido vulnerados, como las personas con discapacidad\u201d, asegur\u00f3 la diputada Gloria Citlalli Calixto Jim\u00e9nez, presidenta de la Comisi\u00f3n de Atenci\u00f3n a las Personas con Discapacidad, en la inauguraci\u00f3n de las Mesas de Trabajo para Personas con Discapacidad: Acciones Afirmativas para su Participaci\u00f3n Pol\u00edtica.<\/p>\n<p style=\"text-align: justify;\">En el inicio de estas mesas de di\u00e1logo que el Poder Legislativo realiza en coordinaci\u00f3n con el Instituto Electoral y de Participaci\u00f3n Ciudadana, IEPC, la legisladora resalt\u00f3 que este tipo de ejercicios son herramientas efectivas que los sistemas democr\u00e1ticos han creado para atender a grupos sociales com\u00fanmente invisibilizados, quienes ahora son el centro de atenci\u00f3n para asegurar su plena inclusi\u00f3n en el desarrollo pol\u00edtico y social del estado y el pa\u00eds.<\/p>\n<p style=\"text-align: justify;\">\u201cLa participaci\u00f3n de estos grupos aportar\u00e1n elementos que nos ayuden a entender sus necesidades y a construir juntas y juntos un mundo m\u00e1s justo, humano e inclusivo, a trav\u00e9s de las reformas necesarias a los ordenamientos jur\u00eddicos\u201d, subray\u00f3.<\/p>\n<p style=\"text-align: justify;\">La diputada indic\u00f3 que el Congreso, adem\u00e1s, ha iniciado el proceso de Consulta a personas con discapacidad en materia de educaci\u00f3n inclusiva, como parte de la nueva din\u00e1mica para que ni una acci\u00f3n de gobierno o legislativa las afecte positiva o negativamente, sin contemplar sus opiniones y propuestas.<\/p>\n<p style=\"text-align: justify;\">Reiter\u00f3, asimismo, la disposici\u00f3n del Poder Legislativo de redignificar a los sectores vulnerables, escuchar su voz y lograr un mundo donde todos se sientan iguales.<\/p>\n<p style=\"text-align: justify;\">Al inaugurar el evento, la diputada Yoloczin Dom\u00ednguez Serna manifest\u00f3 que el tener una discapacidad de ninguna manera debe ser motivo para perder los derechos, y por el contrario, las instituciones tienen la obligaci\u00f3n de adoptar medidas equitativas y de respeto para su inclusi\u00f3n.<\/p>\n<p style=\"text-align: justify;\">Abund\u00f3 que estas mesas de trabajo tienen como finalidad definir la ruta legislativa y las acciones que deben tomarse para garantizar el derecho de las personas con discapacidad a ser votadas y alcanzar cargos de elecci\u00f3n popular.<\/p>\n<p style=\"text-align: justify;\">\u201cHay que reconocer que se ha avanzado, pero a\u00fan falta mucho por hacer para garantizar el mandato constitucional en favor de este sector\u201d, apunt\u00f3.<\/p>\n<p style=\"text-align: justify;\">En su intervenci\u00f3n, la presidenta del IEPC, Luz Fabiola Matildes Gama, manifest\u00f3 que para este instituto es de vital importancia ser parte de la construcci\u00f3n de las bases que ayudar\u00e1n a consolidar el reconocimiento de este sector vulnerable, mediante acciones afirmativas que garanticen su participaci\u00f3n plena en los \u00e1mbitos de la vida pol\u00edtica, econ\u00f3mica, social y cultural.<\/p>\n<p style=\"text-align: justify;\"><strong>Conclusiones<\/strong><\/p>\n<p style=\"text-align: justify;\">1) Expedici\u00f3n de un certificado de discapacidad permanente avalado por Salud federal y estatal; distintivo en la credencial del INE;\u00a0 15 por ciento de participaci\u00f3n pol\u00edtica en todos los partidos, y presupuesto para capacitar a este sector en el \u00e1mbito electoral.<\/p>\n<p style=\"text-align: justify;\">2) C\u00f3digo QR en las credenciales con vigencia de dos a\u00f1os que tenga acceso al historial cl\u00ednico y validez oficial del documento; creaci\u00f3n de un Consejo Estatal de Discapacidad Permanente integrado por personas de las siete regiones del estado.<\/p>\n<p style=\"text-align: justify;\">3) Emisi\u00f3n de convocatorias a personas con discapacidad para que se postulen a cargo de representaci\u00f3n popular a nivel local y federal; cumplimiento de la cuota del 3 por ciento de contrataci\u00f3n laboral por parte de las instituciones gubernamentales.<\/p>\n<p style=\"text-align: justify;\">4) Alto a la simulaci\u00f3n para que los partidos pol\u00edticos asignen 20 por ciento de sus prerrogativas a la capacitaci\u00f3n y desarrollo en actividades pol\u00edticas de las personas con discapacidad.<\/p>\n<p style=\"text-align: justify;\">5) Garantizar igualdad de condiciones en todos los espacios; que para el registro de candidatos de personas con discapacidad se presente un certificado m\u00e9dico; que todos los partidos pol\u00edticos asignen 16 por ciento de candidaturas a este sector, y que estos sean posicionados en distritos competitivos.<\/p>\n<p style=\"text-align: justify;\">6) Conformaci\u00f3n de los cabildos municipales con por lo menos la la mitad de personas con discapacidad; que los partidos pol\u00edticos que no cumplan con la postulaci\u00f3n de personas con discapacidad sean sancionados; legislaci\u00f3n en materia de movilidad para un f\u00e1cil acceso a los espacios p\u00fablicos, privados y el transporte.<\/p>\n<p style=\"text-align: justify;\">Clausur\u00f3 los trabajos la consejera presidenta de la Comisi\u00f3n de Prerrogativas y Organizaci\u00f3n Electoral del IEPC, Dulce Merary Villalobos Tlatempa.<\/p>\n<p style=\"text-align: justify;\">Al evento asistieron tambi\u00e9n las diputadas Julieta Fern\u00e1ndez M\u00e1rquez y Ang\u00e9lica Espinoza Garc\u00eda; el diputado Raymundo Garc\u00eda Guti\u00e9rrez, la presidenta del Tribunal Electoral del Estado, Evelyn Rodr\u00edguez Xinol; el vocal ejecutivo de la Junta Local del Instituto Nacional Electoral, Donaciano Mu\u00f1oz Loyola; en representaci\u00f3n de las personas con discapacidad, Juan Pablo L\u00f3pez Madrigal,\u00a0 director de Discapacidad del Ayuntamiento de Chilpancingo, entre otros.<\/p>\n","protected":false},"excerpt":{"rendered":"<p>Chilpancingo, Gro., 18 de mayo de 2023.- \u201cEl Congreso del Estado tiene el firme compromiso de mejorar los ordenamientos jur\u00eddicos en favor de los grupos sociales que por muchos a\u00f1os han sido vulnerados, como las personas con discapacidad\u201d, asegur\u00f3 la diputada Gloria Citlalli Calixto Jim\u00e9nez, presidenta de la Comisi\u00f3n de Atenci\u00f3n a las Personas con&#8230;<\/p>\n","protected":false},"author":1,"featured_media":6971,"comment_status":"closed","ping_status":"open","sticky":false,"template":"","format":"standard","meta":{"_monsterinsights_skip_tracking":false,"_monsterinsights_sitenote_active":false,"_monsterinsights_sitenote_note":"","_monsterinsights_sitenote_category":0,"footnotes":""},"categories":[3,21,15],"tags":[],"class_list":["post-6970","post","type-post","status-publish","format-standard","has-post-thumbnail","hentry","category-boletin","category-gloria-citlali-calixto-jimenez","category-yoloczin-dominguez-serna"],"aioseo_notices":[],"_links":{"self":[{"href":"https:\/\/congresogro.gob.mx\/63\/inicio\/wp-json\/wp\/v2\/posts\/6970","targetHints":{"allow":["GET"]}}],"collection":[{"href":"https:\/\/congresogro.gob.mx\/63\/inicio\/wp-json\/wp\/v2\/posts"}],"about":[{"href":"https:\/\/congresogro.gob.mx\/63\/inicio\/wp-json\/wp\/v2\/types\/post"}],"author":[{"embeddable":true,"href":"https:\/\/congresogro.gob.mx\/63\/inicio\/wp-json\/wp\/v2\/users\/1"}],"replies":[{"embeddable":true,"href":"https:\/\/congresogro.gob.mx\/63\/inicio\/wp-json\/wp\/v2\/comments?post=6970"}],"version-history":[{"count":2,"href":"https:\/\/congresogro.gob.mx\/63\/inicio\/wp-json\/wp\/v2\/posts\/6970\/revisions"}],"predecessor-version":[{"id":6973,"href":"https:\/\/congresogro.gob.mx\/63\/inicio\/wp-json\/wp\/v2\/posts\/6970\/revisions\/6973"}],"wp:featuredmedia":[{"embeddable":true,"href":"https:\/\/congresogro.gob.mx\/63\/inicio\/wp-json\/wp\/v2\/media\/6971"}],"wp:attachment":[{"href":"https:\/\/congresogro.gob.mx\/63\/inicio\/wp-json\/wp\/v2\/media?parent=6970"}],"wp:term":[{"taxonomy":"category","embeddable":true,"href":"https:\/\/congresogro.gob.mx\/63\/inicio\/wp-json\/wp\/v2\/categories?post=6970"},{"taxonomy":"post_tag","embeddable":true,"href":"https:\/\/congresogro.gob.mx\/63\/inicio\/wp-json\/wp\/v2\/tags?post=6970"}],"curies":[{"name":"wp","href":"https:\/\/api.w.org\/{rel}","templated":true}]}}