{"id":6951,"date":"2023-05-16T18:33:23","date_gmt":"2023-05-17T00:33:23","guid":{"rendered":"https:\/\/congresogro.gob.mx\/63\/inicio\/?p=6951"},"modified":"2023-05-16T18:33:23","modified_gmt":"2023-05-17T00:33:23","slug":"plantean-reforma-para-que-progenitores-decidan-libremente-el-orden-de-apellidos-de-sus-hijos-e-hijas","status":"publish","type":"post","link":"https:\/\/congresogro.gob.mx\/63\/inicio\/2023\/05\/16\/plantean-reforma-para-que-progenitores-decidan-libremente-el-orden-de-apellidos-de-sus-hijos-e-hijas\/","title":{"rendered":"PLANTEAN REFORMA PARA QUE PROGENITORES DECIDAN LIBREMENTE EL ORDEN DE APELLIDOS DE SUS HIJOS E HIJAS"},"content":{"rendered":"<p style=\"text-align: justify;\"><strong>Chilpancingo, Gro., 16 de mayo de 2023.-<\/strong> Para que al momento de registrar a una hija o hijo los progenitores puedan decidir libremente el orden de los apellidos, y que el juez del Registro Civil lo especifique de forma expresa, la diputada Jennyfer Garc\u00eda Lucena present\u00f3 una iniciativa de reforma al C\u00f3digo Civil del Estado.<\/p>\n<p style=\"text-align: justify;\">En la propuesta que se turn\u00f3 a la Comisi\u00f3n de Justicia para su an\u00e1lisis y dictaminaci\u00f3n, la diputada integrante del Grupo Parlamentario del PRD expone que una de las decisiones m\u00e1s importantes para los padres es determinar el nombre de sus hijos e hijas, situaci\u00f3n que es considerada como un momento personal y emocional que queda circunscrito en su esfera privada.<\/p>\n<p style=\"text-align: justify;\">Detall\u00f3 que, con respecto al nombre, la Primera Sala de la Suprema Corte de Justicia de la Naci\u00f3n desarroll\u00f3 el contenido de este derecho, se\u00f1alando que constituye un elemento b\u00e1sico e indispensable de la identidad de cada persona, sin el cual no puede ser reconocida por la sociedad.<\/p>\n<p style=\"text-align: justify;\">Destac\u00f3, asimismo, que la elecci\u00f3n del nombre est\u00e1 regida por el principio de autonom\u00eda de la voluntad, y en consecuencia, debe ser elegido libremente por la persona misma, sus padres o tutores, seg\u00fan sea el momento del registro, y que esto no puede quedar sujeto a ning\u00fan tipo de restricci\u00f3n ilegal o ileg\u00edtima.<\/p>\n<p style=\"text-align: justify;\">Tambi\u00e9n abund\u00f3 que la Corte Interamericana destac\u00f3 la existencia de una obligaci\u00f3n de los Estados parte de la Convenci\u00f3n Americana sobre Derechos Humanos de garantizar que las personas sean registradas con el nombre elegido por ella o por sus padres, seg\u00fan sea el caso, sin ning\u00fan tipo de restricci\u00f3n ni interferencia en la decisi\u00f3n de la elecci\u00f3n del nombre.<\/p>\n<p style=\"text-align: justify;\">\u201cUna vez establecido que la decisi\u00f3n de los padres a decidir el orden de los apellidos de sus hijos se encuentra protegido por el derecho a la vida privada y familiar, esta iniciativa tiene la finalidad de que los padres, al momento de registrar a su hijo o hija, puedan decidir libremente el orden de sus apellidos, paterno-materno o materno-paterno\u201d, apunt\u00f3.<\/p>\n<p style=\"text-align: justify;\">La legisladora explic\u00f3 que la redacci\u00f3n actual de art\u00edculo 323 del C\u00f3digo Civil del Estado no permite o autoriza que la madre pueda registrar en primer lugar su apellido, violando el derecho a la igualdad en raz\u00f3n de g\u00e9nero, al se\u00f1alar que primero debe ir el apellido paterno y luego el materno.<\/p>\n<p style=\"text-align: justify;\">En ese sentido, manifest\u00f3 que limitar el derecho de los padres a decidir el orden de los apellidos de sus hijos, a partir de prejuicios o medidas que pretenden perpetuar la situaci\u00f3n de superioridad del hombre en las relaciones familiares, resulta inconstitucional.<\/p>\n<p style=\"text-align: justify;\"><strong>\u00a0<\/strong><\/p>\n<p style=\"text-align: justify;\"><strong>Intervenciones <\/strong><\/p>\n<p style=\"text-align: justify;\">El diputado Antonio Helguera Jim\u00e9nez (Morena) intervino con el tema \u201cLa Universidad Aut\u00f3noma de Guerrero y su historia\u201d, y ante la pr\u00f3xima renovaci\u00f3n de la Rector\u00eda, dijo que es pertinente saber acerca del modelo de universidad que se va a impulsar, tanto en t\u00e9rminos econ\u00f3micos, tecnol\u00f3gicos y su vinculaci\u00f3n con el sector productivo, de modo que encaje en la denominada cuarta revoluci\u00f3n industrial, y contin\u00fae formando profesionistas con sentido humano, \u00e9tico y cr\u00edtico, que contribuyan a la consolidaci\u00f3n de instituciones fuertes y \u00e9ticas.<\/p>\n<p style=\"text-align: justify;\">Por \u00faltimo, con el tema \u201cParticipaci\u00f3n de funcionarios p\u00fablicos en actos de campa\u00f1a\u201d, el diputado H\u00e9ctor Apreza Patr\u00f3n (PRI) cuestion\u00f3 que el jefe de Oficina de la Gobernadora del Estado haya asistido en horario y d\u00edas h\u00e1biles a un acto de campa\u00f1a realizado en el Estado de M\u00e9xico, lo que se contrapone a lo manifestado por la mandataria estatal sobre que los funcionarios p\u00fablicos deben respetar la ley y no utilizar recursos p\u00fablicos con fines electorales. Sobre este tema debatieron los diputados Alfredo S\u00e1nchez Esquivel (Morena), Ociel Hugar Garc\u00eda Trujillo (PRD), Joaqu\u00edn Badillo Escamilla (Morena) y Jes\u00fas Parra Garc\u00eda (PRI).<\/p>\n","protected":false},"excerpt":{"rendered":"<p>Chilpancingo, Gro., 16 de mayo de 2023.- Para que al momento de registrar a una hija o hijo los progenitores puedan decidir libremente el orden de los apellidos, y que el juez del Registro Civil lo especifique de forma expresa, la diputada Jennyfer Garc\u00eda Lucena present\u00f3 una iniciativa de reforma al C\u00f3digo Civil del Estado&#8230;.<\/p>\n","protected":false},"author":1,"featured_media":6952,"comment_status":"closed","ping_status":"open","sticky":false,"template":"","format":"standard","meta":{"_monsterinsights_skip_tracking":false,"_monsterinsights_sitenote_active":false,"_monsterinsights_sitenote_note":"","_monsterinsights_sitenote_category":0,"footnotes":""},"categories":[3,35],"tags":[],"class_list":["post-6951","post","type-post","status-publish","format-standard","has-post-thumbnail","hentry","category-boletin","category-jennyfer-garcia-lucena"],"aioseo_notices":[],"_links":{"self":[{"href":"https:\/\/congresogro.gob.mx\/63\/inicio\/wp-json\/wp\/v2\/posts\/6951","targetHints":{"allow":["GET"]}}],"collection":[{"href":"https:\/\/congresogro.gob.mx\/63\/inicio\/wp-json\/wp\/v2\/posts"}],"about":[{"href":"https:\/\/congresogro.gob.mx\/63\/inicio\/wp-json\/wp\/v2\/types\/post"}],"author":[{"embeddable":true,"href":"https:\/\/congresogro.gob.mx\/63\/inicio\/wp-json\/wp\/v2\/users\/1"}],"replies":[{"embeddable":true,"href":"https:\/\/congresogro.gob.mx\/63\/inicio\/wp-json\/wp\/v2\/comments?post=6951"}],"version-history":[{"count":1,"href":"https:\/\/congresogro.gob.mx\/63\/inicio\/wp-json\/wp\/v2\/posts\/6951\/revisions"}],"predecessor-version":[{"id":6953,"href":"https:\/\/congresogro.gob.mx\/63\/inicio\/wp-json\/wp\/v2\/posts\/6951\/revisions\/6953"}],"wp:featuredmedia":[{"embeddable":true,"href":"https:\/\/congresogro.gob.mx\/63\/inicio\/wp-json\/wp\/v2\/media\/6952"}],"wp:attachment":[{"href":"https:\/\/congresogro.gob.mx\/63\/inicio\/wp-json\/wp\/v2\/media?parent=6951"}],"wp:term":[{"taxonomy":"category","embeddable":true,"href":"https:\/\/congresogro.gob.mx\/63\/inicio\/wp-json\/wp\/v2\/categories?post=6951"},{"taxonomy":"post_tag","embeddable":true,"href":"https:\/\/congresogro.gob.mx\/63\/inicio\/wp-json\/wp\/v2\/tags?post=6951"}],"curies":[{"name":"wp","href":"https:\/\/api.w.org\/{rel}","templated":true}]}}