{"id":6948,"date":"2023-05-16T18:32:25","date_gmt":"2023-05-17T00:32:25","guid":{"rendered":"https:\/\/congresogro.gob.mx\/63\/inicio\/?p=6948"},"modified":"2023-05-16T18:32:25","modified_gmt":"2023-05-17T00:32:25","slug":"emite-congreso-nuevas-convocatorias-para-la-designacion-de-integrantes-de-distintos-consejos","status":"publish","type":"post","link":"https:\/\/congresogro.gob.mx\/63\/inicio\/2023\/05\/16\/emite-congreso-nuevas-convocatorias-para-la-designacion-de-integrantes-de-distintos-consejos\/","title":{"rendered":"EMITE CONGRESO NUEVAS CONVOCATORIAS PARA LA DESIGNACI\u00d3N DE INTEGRANTES DE DISTINTOS CONSEJOS"},"content":{"rendered":"<p style=\"text-align: justify;\"><strong>Chilpancingo, Gro., 16 de mayo de 2023.- <\/strong>El Congreso del Estado acord\u00f3 dejar sin efecto los procesos de selecci\u00f3n y designaci\u00f3n de las y los integrantes del Consejo de Pol\u00edticas P\u00fablicas y del Consejo Consultivo de la Comisi\u00f3n de los Derechos Humanos del Estado, llevado a cabo por la anterior legislatura, y a la vez emitir nuevas convocatorias para reponer los procedimientos.<\/p>\n<p style=\"text-align: justify;\">Asimismo, se aprob\u00f3 emitir nuevas convocatorias para la selecci\u00f3n y designaci\u00f3n de miembros honor\u00edficos del Consejo Consultivo del Instituto de Transparencia, Acceso a la Informaci\u00f3n y Protecci\u00f3n de Datos Personales del Estado de Guerrero, y miembros de la Comisi\u00f3n de Selecci\u00f3n de Car\u00e1cter Honoraria encargada de emitir la convocatoria, seleccionar y designar a las y los integrantes del Comit\u00e9 de Participaci\u00f3n Ciudadana del Sistema Estatal Anticorrupci\u00f3n de Guerrero.<\/p>\n<p style=\"text-align: justify;\">En los documentos signados por diputadas y diputados integrantes de la Junta de Coordinaci\u00f3n Pol\u00edtica del Congreso del Estado, cuya lectura estuvo a cargo de la Mesa Directiva en la sesi\u00f3n ordinaria de este martes, la Jucopo se\u00f1ala que la LXII Legislatura emiti\u00f3 convocatoria para el proceso de selecci\u00f3n y designaci\u00f3n de dichos consejeros, mediante acuerdo de fecha 10 de marzo del a\u00f1o 2021, pero en virtud de que ha transcurrido demasiado tiempo, se considera pertinente concluirlo y emitir nuevas convocatorias.<\/p>\n<p style=\"text-align: justify;\">En el caso del Consejo Consultivo del Instituto de Transparencia, Acceso a la Informaci\u00f3n y Protecci\u00f3n de Datos Personales del Estado de Guerrero, se refiere que el plazo para el que fueron designados ha concluido y es necesaria su renovaci\u00f3n.<\/p>\n<p style=\"text-align: justify;\">Para el proceso de selecci\u00f3n de miembros de la Comisi\u00f3n de Selecci\u00f3n de Car\u00e1cter Honoraria encargada de emitir la convocatoria, seleccionar y designar a los integrantes del Comit\u00e9 de Participaci\u00f3n Ciudadana del Sistema Estatal Anticorrupci\u00f3n de Guerrero, se menciona que ley en la materia dispone que se nombrar\u00e1 una comisi\u00f3n de cinco ciudadanos, y para su integraci\u00f3n se convocar\u00e1 a las instituciones de educaci\u00f3n superior y de investigaci\u00f3n, para proponer candidatos y seleccionar a tres miembros, mientras que otros dos miembros ser\u00e1n propuestos por la sociedad civil.<\/p>\n<p style=\"text-align: justify;\"><strong>\u00a0<\/strong><\/p>\n<p style=\"text-align: justify;\"><strong>Intervenciones <\/strong><\/p>\n<p style=\"text-align: justify;\">La diputada\u00a0<a href=\"https:\/\/www.facebook.com\/LetiCastroOrtiz?__tn__=-%5dK*F\">Leticia Castro Ortiz<\/a> (Morena) particip\u00f3 en relaci\u00f3n con \u201cLos procesos de consulta a los pueblos y comunidades ind\u00edgenas, afromexicanos y personas con discapacidad\u201d se\u00f1alando que este Congreso est\u00e1 obligado a impulsar medidas legislativas que impacten ben\u00e9ficamente a estos sectores, basados en procesos de consulta que sean previas, libres e informadas, evitando incurrir en acciones de inconstitucionalidad.<\/p>\n<p style=\"text-align: justify;\">Sobre el mismo tema, intervinieron tambi\u00e9n los diputados <a href=\"https:\/\/www.facebook.com\/profile.php?id=100058213354831&amp;__tn__=-%5dK*F\">Ociel Hugar Garc\u00eda Trujillo<\/a> y Alfredo S\u00e1nchez Esquivel.<\/p>\n<p style=\"text-align: justify;\">Al participar con motivo del D\u00eda de las Madres, la diputada <a href=\"https:\/\/www.facebook.com\/ClauSierraPerez?__cft__%5b0%5d=AZVmyigYsppF-dp4Y2flYvjABE6TBy3glgvukbzE52ezXSoqjFKcG1TsNBxiaUgxa415su-cwLBSQopPoS56ndizmAFy95XuywfZoKZvL87sHb9fqP4fSP53FPLrhN4LOy48xzUQplzk1xdh7GJ-Q3DSEEXA27fOJZtw-1jn0W5WikOe7qtS0c6M_xyYVt1THq4&amp;__tn__=-%5dK-R\">Claudia Sierra<\/a> P\u00e9rez (Morena) expuso que la LXIII Legislatura al Congreso del Estado est\u00e1 comprometida con la creaci\u00f3n de una agenda conjunta que genere el marco jur\u00eddico ideal para la salvaguarda de derechos de las madres de familia, y les aporte alternativas de empleo, salud, educaci\u00f3n, seguridad y todo tipo de oportunidades para desarrollo integral.<\/p>\n<p style=\"text-align: justify;\">La diputada Mar\u00eda Flores Maldonado (Morena) intervino en torno al tema.<\/p>\n","protected":false},"excerpt":{"rendered":"<p>Chilpancingo, Gro., 16 de mayo de 2023.- El Congreso del Estado acord\u00f3 dejar sin efecto los procesos de selecci\u00f3n y designaci\u00f3n de las y los integrantes del Consejo de Pol\u00edticas P\u00fablicas y del Consejo Consultivo de la Comisi\u00f3n de los Derechos Humanos del Estado, llevado a cabo por la anterior legislatura, y a la vez&#8230;<\/p>\n","protected":false},"author":1,"featured_media":6949,"comment_status":"closed","ping_status":"open","sticky":false,"template":"","format":"standard","meta":{"_monsterinsights_skip_tracking":false,"_monsterinsights_sitenote_active":false,"_monsterinsights_sitenote_note":"","_monsterinsights_sitenote_category":0,"footnotes":""},"categories":[3],"tags":[],"class_list":["post-6948","post","type-post","status-publish","format-standard","has-post-thumbnail","hentry","category-boletin"],"aioseo_notices":[],"_links":{"self":[{"href":"https:\/\/congresogro.gob.mx\/63\/inicio\/wp-json\/wp\/v2\/posts\/6948","targetHints":{"allow":["GET"]}}],"collection":[{"href":"https:\/\/congresogro.gob.mx\/63\/inicio\/wp-json\/wp\/v2\/posts"}],"about":[{"href":"https:\/\/congresogro.gob.mx\/63\/inicio\/wp-json\/wp\/v2\/types\/post"}],"author":[{"embeddable":true,"href":"https:\/\/congresogro.gob.mx\/63\/inicio\/wp-json\/wp\/v2\/users\/1"}],"replies":[{"embeddable":true,"href":"https:\/\/congresogro.gob.mx\/63\/inicio\/wp-json\/wp\/v2\/comments?post=6948"}],"version-history":[{"count":1,"href":"https:\/\/congresogro.gob.mx\/63\/inicio\/wp-json\/wp\/v2\/posts\/6948\/revisions"}],"predecessor-version":[{"id":6950,"href":"https:\/\/congresogro.gob.mx\/63\/inicio\/wp-json\/wp\/v2\/posts\/6948\/revisions\/6950"}],"wp:featuredmedia":[{"embeddable":true,"href":"https:\/\/congresogro.gob.mx\/63\/inicio\/wp-json\/wp\/v2\/media\/6949"}],"wp:attachment":[{"href":"https:\/\/congresogro.gob.mx\/63\/inicio\/wp-json\/wp\/v2\/media?parent=6948"}],"wp:term":[{"taxonomy":"category","embeddable":true,"href":"https:\/\/congresogro.gob.mx\/63\/inicio\/wp-json\/wp\/v2\/categories?post=6948"},{"taxonomy":"post_tag","embeddable":true,"href":"https:\/\/congresogro.gob.mx\/63\/inicio\/wp-json\/wp\/v2\/tags?post=6948"}],"curies":[{"name":"wp","href":"https:\/\/api.w.org\/{rel}","templated":true}]}}