{"id":6884,"date":"2023-05-07T19:41:58","date_gmt":"2023-05-08T01:41:58","guid":{"rendered":"https:\/\/congresogro.gob.mx\/63\/inicio\/?p=6884"},"modified":"2023-05-08T19:42:56","modified_gmt":"2023-05-09T01:42:56","slug":"inicia-la-fase-informativa-de-la-consulta-electoral-a-comunidades-indigenas-y-afromexicanas","status":"publish","type":"post","link":"https:\/\/congresogro.gob.mx\/63\/inicio\/2023\/05\/07\/inicia-la-fase-informativa-de-la-consulta-electoral-a-comunidades-indigenas-y-afromexicanas\/","title":{"rendered":"INICIA LA FASE INFORMATIVA DE LA CONSULTA ELECTORAL  A COMUNIDADES IND\u00cdGENAS Y AFROMEXICANAS"},"content":{"rendered":"<p style=\"text-align: justify;\"><strong>Chilpancingo, Gro., 07 de mayo de 2023<\/strong>.- Este fin de semana, el Congreso del Estado y el Instituto Electoral y de Participaci\u00f3n Ciudadana (IEPC-Gro) dieron inicio a la fase informativa de la Consulta en Materia Electoral con autoridades municipales, civiles, comunitarias y tradicionales de 22 municipios de Guerrero.<\/p>\n<p style=\"text-align: justify;\">En estos encuentros se extern\u00f3 el compromiso de la LXIII Legislatura con la ciudadan\u00eda ind\u00edgena y afromexicana para garantizar sus derechos pol\u00edticos y su participaci\u00f3n democr\u00e1tica a trav\u00e9s una consulta previa, libre, informada, culturalmente adecuada y de buena fe.<\/p>\n<p style=\"text-align: justify;\">Durante las asambleas informativas con los pueblos y comunidades se otorg\u00f3 material did\u00e1ctico y un cuadernillo informativo de f\u00e1cil lectura, relacionado con el contenido de la Reforma a la Ley 483 de Instituciones y Procedimientos Electorales del Estado de Guerrero, as\u00ed como las reglas para el registro de candidaturas ind\u00edgenas y afromexicanas a los cargos de diputaci\u00f3n local e integrantes de los ayuntamientos.<\/p>\n<p><img loading=\"lazy\" decoding=\"async\" class=\"alignnone size-medium wp-image-6888\" src=\"https:\/\/congresogro.gob.mx\/63\/inicio\/wp-content\/uploads\/2023\/05\/FASE-CONSULTA-BOL-185-3-640x480.jpeg\" alt=\"\" width=\"640\" height=\"480\" srcset=\"https:\/\/congresogro.gob.mx\/63\/inicio\/wp-content\/uploads\/2023\/05\/FASE-CONSULTA-BOL-185-3-640x480.jpeg 640w, https:\/\/congresogro.gob.mx\/63\/inicio\/wp-content\/uploads\/2023\/05\/FASE-CONSULTA-BOL-185-3-768x576.jpeg 768w, https:\/\/congresogro.gob.mx\/63\/inicio\/wp-content\/uploads\/2023\/05\/FASE-CONSULTA-BOL-185-3-320x240.jpeg 320w, https:\/\/congresogro.gob.mx\/63\/inicio\/wp-content\/uploads\/2023\/05\/FASE-CONSULTA-BOL-185-3.jpeg 1280w\" sizes=\"auto, (max-width: 640px) 100vw, 640px\" \/><\/p>\n<p style=\"text-align: justify;\">La fase informativa de la Consulta en Material Electoral plantea despejar dudas y brindar los elementos informativos necesarios para que posteriormente, respetando sus usos y costumbres, las comunidades afromexicanas e ind\u00edgenas puedan presentar sus opiniones, sugerencias o propuestas que construyan colectivamente con sus asambleas, para que sean tomadas en cuenta por el Congreso del Estado en la propuesta de ley en la materia.<\/p>\n<p style=\"text-align: justify;\">Los municipios donde se realizaron asambleas informativas el s\u00e1bado fueron Acatepec, Buenavista de Cu\u00e9llar, Copala, Copalillo, Florencio Villarreal, Huitzuco, Juchit\u00e1n, Ometepec, Tixtla, Tlacoachistlahuaca y Quechultenango.<\/p>\n<p style=\"text-align: justify;\">El domingo correspondi\u00f3 el desarrollo de asambleas informativas en los municipios de Atenango del R\u00edo, Ayutla de los Libres, Cuautepec, Iguala de la independencia, Igualapa, Marquelia, Tepecoacuilco de Trujano, Tlacoapa, Xochistlahuaca y Zapotitl\u00e1n Tablas.<\/p>\n<p><img loading=\"lazy\" decoding=\"async\" class=\"alignnone size-medium wp-image-6889\" src=\"https:\/\/congresogro.gob.mx\/63\/inicio\/wp-content\/uploads\/2023\/05\/FASE-CONSULTA-BOL-185-5-640x360.jpeg\" alt=\"\" width=\"640\" height=\"360\" srcset=\"https:\/\/congresogro.gob.mx\/63\/inicio\/wp-content\/uploads\/2023\/05\/FASE-CONSULTA-BOL-185-5-640x360.jpeg 640w, https:\/\/congresogro.gob.mx\/63\/inicio\/wp-content\/uploads\/2023\/05\/FASE-CONSULTA-BOL-185-5-768x432.jpeg 768w, https:\/\/congresogro.gob.mx\/63\/inicio\/wp-content\/uploads\/2023\/05\/FASE-CONSULTA-BOL-185-5-320x180.jpeg 320w, https:\/\/congresogro.gob.mx\/63\/inicio\/wp-content\/uploads\/2023\/05\/FASE-CONSULTA-BOL-185-5.jpeg 1280w\" sizes=\"auto, (max-width: 640px) 100vw, 640px\" \/><\/p>\n<p style=\"text-align: justify;\">En estas asambleas informativas el personal del IEPC-Gro, encabezado por la consejera presidenta Luz Fabiola Matildes Gama, precis\u00f3 que la participaci\u00f3n de los pueblos y comunidades ind\u00edgenas y afromexicanas es importante para poder emitir las reglas de postulaci\u00f3n y registro de candidaturas para el proceso electoral 2023-2024.<\/p>\n<p style=\"text-align: justify;\">A su vez, en el desarrollo de las diferentes asambleas informativas estuvo presente la Unidad de Procesos de Consulta del Congreso del Estado, con su titular Juan Salvador Susunaga Flores, en Acatepec y en Ayutla, haciendo una labor de acompa\u00f1amiento.<\/p>\n","protected":false},"excerpt":{"rendered":"<p>Chilpancingo, Gro., 07 de mayo de 2023.- Este fin de semana, el Congreso del Estado y el Instituto Electoral y de Participaci\u00f3n Ciudadana (IEPC-Gro) dieron inicio a la fase informativa de la Consulta en Materia Electoral con autoridades municipales, civiles, comunitarias y tradicionales de 22 municipios de Guerrero. En estos encuentros se extern\u00f3 el compromiso&#8230;<\/p>\n","protected":false},"author":1,"featured_media":6885,"comment_status":"closed","ping_status":"open","sticky":false,"template":"","format":"standard","meta":{"_monsterinsights_skip_tracking":false,"_monsterinsights_sitenote_active":false,"_monsterinsights_sitenote_note":"","_monsterinsights_sitenote_category":0,"footnotes":""},"categories":[3],"tags":[],"class_list":["post-6884","post","type-post","status-publish","format-standard","has-post-thumbnail","hentry","category-boletin"],"aioseo_notices":[],"_links":{"self":[{"href":"https:\/\/congresogro.gob.mx\/63\/inicio\/wp-json\/wp\/v2\/posts\/6884","targetHints":{"allow":["GET"]}}],"collection":[{"href":"https:\/\/congresogro.gob.mx\/63\/inicio\/wp-json\/wp\/v2\/posts"}],"about":[{"href":"https:\/\/congresogro.gob.mx\/63\/inicio\/wp-json\/wp\/v2\/types\/post"}],"author":[{"embeddable":true,"href":"https:\/\/congresogro.gob.mx\/63\/inicio\/wp-json\/wp\/v2\/users\/1"}],"replies":[{"embeddable":true,"href":"https:\/\/congresogro.gob.mx\/63\/inicio\/wp-json\/wp\/v2\/comments?post=6884"}],"version-history":[{"count":1,"href":"https:\/\/congresogro.gob.mx\/63\/inicio\/wp-json\/wp\/v2\/posts\/6884\/revisions"}],"predecessor-version":[{"id":6890,"href":"https:\/\/congresogro.gob.mx\/63\/inicio\/wp-json\/wp\/v2\/posts\/6884\/revisions\/6890"}],"wp:featuredmedia":[{"embeddable":true,"href":"https:\/\/congresogro.gob.mx\/63\/inicio\/wp-json\/wp\/v2\/media\/6885"}],"wp:attachment":[{"href":"https:\/\/congresogro.gob.mx\/63\/inicio\/wp-json\/wp\/v2\/media?parent=6884"}],"wp:term":[{"taxonomy":"category","embeddable":true,"href":"https:\/\/congresogro.gob.mx\/63\/inicio\/wp-json\/wp\/v2\/categories?post=6884"},{"taxonomy":"post_tag","embeddable":true,"href":"https:\/\/congresogro.gob.mx\/63\/inicio\/wp-json\/wp\/v2\/tags?post=6884"}],"curies":[{"name":"wp","href":"https:\/\/api.w.org\/{rel}","templated":true}]}}