{"id":683,"date":"2021-10-08T14:05:34","date_gmt":"2021-10-08T14:05:34","guid":{"rendered":"https:\/\/congresogro.gob.mx\/63\/inicio\/?p=683"},"modified":"2021-10-11T14:08:11","modified_gmt":"2021-10-11T14:08:11","slug":"proponen-inscribir-con-letras-doradas-el-plan-de-iguala-de-1821-en-el-muro-de-honor-del-congreso-del-estado","status":"publish","type":"post","link":"https:\/\/congresogro.gob.mx\/63\/inicio\/2021\/10\/08\/proponen-inscribir-con-letras-doradas-el-plan-de-iguala-de-1821-en-el-muro-de-honor-del-congreso-del-estado\/","title":{"rendered":"PROPONEN INSCRIBIR CON LETRAS DORADAS \u00abEL PLAN DE IGUALA DE 1821\u00bb EN EL MURO DE HONOR DEL CONGRESO DEL ESTADO"},"content":{"rendered":"<p style=\"text-align: justify;\"><strong>Chilpancingo, Gro., 08 de octubre de 2021.- <\/strong>El diputado Antonio Helguera Jim\u00e9nez present\u00f3 una iniciativa para inscribir con letras doradas el acontecimiento hist\u00f3rico \u201cPlan de Iguala 1821\u201d en el Muro de Honor del Sal\u00f3n de Sesiones \u201cPrimer Congreso de An\u00e1huac\u201d de este Congreso del Estado, por la relevancia de este acontecimiento patri\u00f3tico y nacionalista del M\u00e9xico Independiente en que el pueblo de Guerrero fue gran protagonista.<\/p>\n<p style=\"text-align: justify;\">En la iniciativa que fue turnada a la Junta de Coordinaci\u00f3n Pol\u00edtica para su an\u00e1lisis y emisi\u00f3n del dictamen respectivo, se plantea que con el Plan de Iguala, los Tratados de C\u00f3rdova y el Acta de Independencia se sentaron las bases legales para la creaci\u00f3n de un nuevo Estado Mexicano, soberano e independiente.<\/p>\n<p style=\"text-align: justify;\">Helguera Jim\u00e9nez remarc\u00f3 que lguala de la Independencia es un orgullo para la entidad y el pa\u00eds, ya que ah\u00ed se constituy\u00f3 la primera capital del estado de Guerrero, fue la sede de los poderes Ejecutivo y Legislativo hace 171 a\u00f1os, se ide\u00f3 y forj\u00f3 nuestro s\u00edmbolo de identidad nacional, entre otros hechos hist\u00f3ricos de gran trascendencia que dieron pauta para el desarrollo pol\u00edtico, social y econ\u00f3mico del estado y el pa\u00eds.<\/p>\n<p style=\"text-align: justify;\">Abund\u00f3 que con el Plan de lguala, como lo han mencionado algunos historiadores, se anticipaba la culminaci\u00f3n de Ia Iucha independentista iniciada el 16 de septiembre de 1810, acto que fue encabezado por don Miguel Hidalgo y Costilla y los c\u00e9lebres Juan Aldama, Miguel Allende, Josefa Ortiz de Dom\u00ednguez, secundados por Don Jos\u00e9 Mar\u00eda Morelos y Pav\u00f3n y el General Vicente Guerrero Salda\u00f1a, entre otros ilustres mexicanos.<\/p>\n<p style=\"text-align: justify;\">Por lo anteriormente mencionado, el diputado integrante del Grupo Parlamentario de Morena resalt\u00f3 la importancia de que el Congreso del Estado apruebe la iniciativa de plasmar en su Muro de Honor la leyenda \u201cPlan de Iguala 1821\u201d.<\/p>\n","protected":false},"excerpt":{"rendered":"<p>Chilpancingo, Gro., 08 de octubre de 2021.- El diputado Antonio Helguera Jim\u00e9nez present\u00f3 una iniciativa para inscribir con letras doradas el acontecimiento hist\u00f3rico \u201cPlan de Iguala 1821\u201d en el Muro de Honor del Sal\u00f3n de Sesiones \u201cPrimer Congreso de An\u00e1huac\u201d de este Congreso del Estado, por la relevancia de este acontecimiento patri\u00f3tico y nacionalista del&#8230;<\/p>\n","protected":false},"author":1,"featured_media":684,"comment_status":"closed","ping_status":"open","sticky":false,"template":"","format":"standard","meta":{"_monsterinsights_skip_tracking":false,"_monsterinsights_sitenote_active":false,"_monsterinsights_sitenote_note":"","_monsterinsights_sitenote_category":0,"footnotes":""},"categories":[17,3],"tags":[],"class_list":["post-683","post","type-post","status-publish","format-standard","has-post-thumbnail","hentry","category-antonio-helguera-jimenez","category-boletin"],"aioseo_notices":[],"_links":{"self":[{"href":"https:\/\/congresogro.gob.mx\/63\/inicio\/wp-json\/wp\/v2\/posts\/683","targetHints":{"allow":["GET"]}}],"collection":[{"href":"https:\/\/congresogro.gob.mx\/63\/inicio\/wp-json\/wp\/v2\/posts"}],"about":[{"href":"https:\/\/congresogro.gob.mx\/63\/inicio\/wp-json\/wp\/v2\/types\/post"}],"author":[{"embeddable":true,"href":"https:\/\/congresogro.gob.mx\/63\/inicio\/wp-json\/wp\/v2\/users\/1"}],"replies":[{"embeddable":true,"href":"https:\/\/congresogro.gob.mx\/63\/inicio\/wp-json\/wp\/v2\/comments?post=683"}],"version-history":[{"count":1,"href":"https:\/\/congresogro.gob.mx\/63\/inicio\/wp-json\/wp\/v2\/posts\/683\/revisions"}],"predecessor-version":[{"id":685,"href":"https:\/\/congresogro.gob.mx\/63\/inicio\/wp-json\/wp\/v2\/posts\/683\/revisions\/685"}],"wp:featuredmedia":[{"embeddable":true,"href":"https:\/\/congresogro.gob.mx\/63\/inicio\/wp-json\/wp\/v2\/media\/684"}],"wp:attachment":[{"href":"https:\/\/congresogro.gob.mx\/63\/inicio\/wp-json\/wp\/v2\/media?parent=683"}],"wp:term":[{"taxonomy":"category","embeddable":true,"href":"https:\/\/congresogro.gob.mx\/63\/inicio\/wp-json\/wp\/v2\/categories?post=683"},{"taxonomy":"post_tag","embeddable":true,"href":"https:\/\/congresogro.gob.mx\/63\/inicio\/wp-json\/wp\/v2\/tags?post=683"}],"curies":[{"name":"wp","href":"https:\/\/api.w.org\/{rel}","templated":true}]}}