{"id":6823,"date":"2023-04-27T10:40:23","date_gmt":"2023-04-27T16:40:23","guid":{"rendered":"https:\/\/congresogro.gob.mx\/63\/inicio\/?p=6823"},"modified":"2023-04-28T10:41:38","modified_gmt":"2023-04-28T16:41:38","slug":"aprueba-el-congreso-reformas-para-castigar-de-manera-ejemplar-el-delito-de-despojo-en-guerrero","status":"publish","type":"post","link":"https:\/\/congresogro.gob.mx\/63\/inicio\/2023\/04\/27\/aprueba-el-congreso-reformas-para-castigar-de-manera-ejemplar-el-delito-de-despojo-en-guerrero\/","title":{"rendered":"APRUEBA EL CONGRESO REFORMAS PARA CASTIGAR DE  MANERA EJEMPLAR EL DELITO DE DESPOJO EN GUERRERO"},"content":{"rendered":"<p style=\"text-align: justify;\"><strong>Chilpancingo, Gro., 27 de abril de 2023.-<\/strong> El Pleno del Congreso del Estado aprob\u00f3 reformas al C\u00f3digo Penal del Estado para aumentar de 4 a 10 a\u00f1os las penas de prisi\u00f3n por el delito de despojo, mismas que se incrementar\u00e1n hasta en dos terceras partes cuando los agraviados sean adultos mayores o personas con alguna discapacidad.<\/p>\n<p style=\"text-align: justify;\">De acuerdo con el dictamen emitido por la Comisi\u00f3n de Justicia, cuya lectura estuvo a cargo de la Mesa Directiva en la sesi\u00f3n de este jueves, fue necesario hacer estas adecuaciones para disuadir la comisi\u00f3n de este delito que incluye intimidaciones contra las personas y afecta los leg\u00edtimos patrimonios.<\/p>\n<p style=\"text-align: justify;\">El documento expone que comete el delito de despojo quien por voluntad propia y utilizando violencia f\u00edsica o moral, enga\u00f1o o furtivamente, ocupa o hace uso de un inmueble que no le pertenece.<\/p>\n<p style=\"text-align: justify;\">Asimismo, se\u00f1ala que de acuerdo con informaci\u00f3n del Secretariado Ejecutivo del Sistema Nacional de Seguridad P\u00fablica, el n\u00famero de carpetas de investigaci\u00f3n iniciadas por el delito de despojo ha aumentado en los \u00faltimos cinco a\u00f1os, al pasar de 20 mil 281 en 2015 a 27 mil 597 en 2019, y en el caso de Guerrero, en 2020 se iniciaron 145 carpetas de investigaci\u00f3n por ese motivo.<\/p>\n<p style=\"text-align: justify;\">Con estas reformas, abunda el dictamen, se busca aumentar de 4 a 10 a\u00f1os de prisi\u00f3n las penas contra quien por medio de la violencia f\u00edsica, moral o enga\u00f1o ocupa un inmueble ajeno, agrav\u00e1ndose hasta en una mitad cuando el despojo se realiza por tres o m\u00e1s personas.<\/p>\n<p style=\"text-align: justify;\">En este \u00faltimo caso, se impondr\u00e1n penas de 4 a 8 a\u00f1os de prisi\u00f3n a los autores intelectuales que dirijan el inmueble, y para proteger el patrimonio de las personas adultas mayores de 60 a\u00f1os o con discapacidad, las penas se aumentar\u00e1n hasta en dos terceras partes de la pena m\u00e1xima.<\/p>\n<p style=\"text-align: justify;\">Por \u00faltimo, queda establecido que a quienes cometan en forma reiterada el delito de despojo de bienes inmuebles se les impondr\u00e1 de 6 a 12 a\u00f1os de prisi\u00f3n y de 300 a 600 d\u00edas de multa, con el prop\u00f3sito de castigar de manera ejemplar este delito en Guerrero.<\/p>\n<p style=\"text-align: justify;\">\n<p style=\"text-align: justify;\"><strong>Iniciativas<\/strong><\/p>\n<p style=\"text-align: justify;\">La diputada <a href=\"https:\/\/www.facebook.com\/profile.php?id=100087876644349&amp;__cft__%5b0%5d=AZWf8M9GAMM87npHyBdDsnJDNJk4kT8WOF58HlFItynkVVM76CmJV2FWM_kaSPJkbNViqNy8nRxF01P3nA7Skn-i6PjAoZ_c-mlTuV4k72uHEneN46oO-UXrV7FCjILXtmJRVe-prK6CIvKbSDzeIRQqGgUhUpfFiEduBU74X-GmuiJRKkO2H0xRgZ3_MSyrPhI&amp;__tn__=-%5dK-R\">Ang\u00e9lica Espinoza Garc\u00eda <\/a>(Morena) propuso reformar la Ley de Archivos del Estado de Guerrero y sus Municipios para que los archivos de la administraci\u00f3n p\u00fablica sean digitalizados y est\u00e9n al alcance de la ciudadan\u00eda, como parte de un gobierno abierto basado en la transparencia, contribuyendo a mejorar la eficiencia y organizaci\u00f3n de todas las dependencias. La iniciativa se turn\u00f3 a la Comisi\u00f3n de Justicia para su an\u00e1lisis.<\/p>\n<p style=\"text-align: justify;\">El diputado\u00a0<a href=\"https:\/\/www.facebook.com\/osbaldoriosmanrique?__tn__=-%5dK*F\">Osbaldo R\u00edos<\/a>\u00a0Manrique (Morena) plante\u00f3 derogar el art\u00edculo 38 de la Ley Estatuto de los Trabajadores al Servicio del Estado, de los Municipios y de los Organismos P\u00fablicos Coordinados y Descentralizados del Estado, as\u00ed como el art\u00edculo 69 de la Ley de Trabajo de los Servidores P\u00fablicos del Estado, para que las y los trabajadores tengan la opci\u00f3n de decidir si se dan de baja del sindicato al que pertenecen, sin la necesidad de ser expulsados por el mismo, garantizando su derecho a la libre asociaci\u00f3n.<\/p>\n<p style=\"text-align: justify;\">El documento se turn\u00f3 a la Comisi\u00f3n de Desarrollo Econ\u00f3mico y Trabajo para su an\u00e1lisis y dictaminaci\u00f3n.<\/p>\n","protected":false},"excerpt":{"rendered":"<p>Chilpancingo, Gro., 27 de abril de 2023.- El Pleno del Congreso del Estado aprob\u00f3 reformas al C\u00f3digo Penal del Estado para aumentar de 4 a 10 a\u00f1os las penas de prisi\u00f3n por el delito de despojo, mismas que se incrementar\u00e1n hasta en dos terceras partes cuando los agraviados sean adultos mayores o personas con alguna&#8230;<\/p>\n","protected":false},"author":1,"featured_media":6824,"comment_status":"closed","ping_status":"open","sticky":false,"template":"","format":"standard","meta":{"_monsterinsights_skip_tracking":false,"_monsterinsights_sitenote_active":false,"_monsterinsights_sitenote_note":"","_monsterinsights_sitenote_category":0,"footnotes":""},"categories":[3],"tags":[],"class_list":["post-6823","post","type-post","status-publish","format-standard","has-post-thumbnail","hentry","category-boletin"],"aioseo_notices":[],"_links":{"self":[{"href":"https:\/\/congresogro.gob.mx\/63\/inicio\/wp-json\/wp\/v2\/posts\/6823","targetHints":{"allow":["GET"]}}],"collection":[{"href":"https:\/\/congresogro.gob.mx\/63\/inicio\/wp-json\/wp\/v2\/posts"}],"about":[{"href":"https:\/\/congresogro.gob.mx\/63\/inicio\/wp-json\/wp\/v2\/types\/post"}],"author":[{"embeddable":true,"href":"https:\/\/congresogro.gob.mx\/63\/inicio\/wp-json\/wp\/v2\/users\/1"}],"replies":[{"embeddable":true,"href":"https:\/\/congresogro.gob.mx\/63\/inicio\/wp-json\/wp\/v2\/comments?post=6823"}],"version-history":[{"count":1,"href":"https:\/\/congresogro.gob.mx\/63\/inicio\/wp-json\/wp\/v2\/posts\/6823\/revisions"}],"predecessor-version":[{"id":6825,"href":"https:\/\/congresogro.gob.mx\/63\/inicio\/wp-json\/wp\/v2\/posts\/6823\/revisions\/6825"}],"wp:featuredmedia":[{"embeddable":true,"href":"https:\/\/congresogro.gob.mx\/63\/inicio\/wp-json\/wp\/v2\/media\/6824"}],"wp:attachment":[{"href":"https:\/\/congresogro.gob.mx\/63\/inicio\/wp-json\/wp\/v2\/media?parent=6823"}],"wp:term":[{"taxonomy":"category","embeddable":true,"href":"https:\/\/congresogro.gob.mx\/63\/inicio\/wp-json\/wp\/v2\/categories?post=6823"},{"taxonomy":"post_tag","embeddable":true,"href":"https:\/\/congresogro.gob.mx\/63\/inicio\/wp-json\/wp\/v2\/tags?post=6823"}],"curies":[{"name":"wp","href":"https:\/\/api.w.org\/{rel}","templated":true}]}}