{"id":6780,"date":"2023-04-21T10:03:43","date_gmt":"2023-04-21T16:03:43","guid":{"rendered":"https:\/\/congresogro.gob.mx\/63\/inicio\/?p=6780"},"modified":"2023-04-24T10:04:37","modified_gmt":"2023-04-24T16:04:37","slug":"aprueban-en-comision-iniciativa-para-el-impulso-de-la-pesca-en-guerrero","status":"publish","type":"post","link":"https:\/\/congresogro.gob.mx\/63\/inicio\/2023\/04\/21\/aprueban-en-comision-iniciativa-para-el-impulso-de-la-pesca-en-guerrero\/","title":{"rendered":"APRUEBAN EN COMISI\u00d3N INICIATIVA PARA  EL IMPULSO DE LA PESCA EN GUERRERO"},"content":{"rendered":"<p style=\"text-align: justify;\"><strong>Chilpancingo, Gro., 21 de abril de 2023.- <\/strong>La Comisi\u00f3n de Desarrollo Agropecuario y Pesquero del Congreso del Estado aprob\u00f3 en sesi\u00f3n ordinaria el dictamen a favor de la iniciativa de reforma a la Ley de Acuicultura y Pesca Sustentable del Estado de Guerrero, propuesta por el diputado Marco Tulio S\u00e1nchez Alarc\u00f3n.<\/p>\n<p style=\"text-align: justify;\">De acuerdo con el dictamen, la iniciativa tiene como motivaci\u00f3n principal el brindar un impulso decidido a la actividad pesquera en la entidad, estableciendo recursos para los pescadores y pescadoras, a trav\u00e9s de programas que incentiven la producci\u00f3n responsable con el medio ambiente, lo que permitir\u00e1 que cientos de guerrerenses accedan a una mejor calidad de vida y asegurar, a su vez, la autosuficiencia alimentaria en Guerrero.<\/p>\n<p style=\"text-align: justify;\">La propuesta prioriza, adem\u00e1s, la inclusi\u00f3n de mujeres y grupos vulnerables,\u00a0 as\u00ed como hacer obligatorio el retiro de las redes de pesca que son utilizadas y muchas veces abandonadas en los mares, produciendo micro pl\u00e1sticos que afectan al ecosistema marino.<\/p>\n<p style=\"text-align: justify;\">De aprobarse el dictamen de la iniciativa por parte del Pleno de la LXIII Legislatura, se estar\u00e1n cumpliendo las metas 14.1, 14.2, 14.6\u00a0 y 14.b del objetivo 14 de la Agenda 2030 de la ONU.<\/p>\n<p style=\"text-align: justify;\">Adem\u00e1s del diputado S\u00e1nchez Alarc\u00f3n, participaron en la sesi\u00f3n los diputados Fortunato Hern\u00e1ndez Carbajal y Esteban Albarr\u00e1n Mendoza, vocales del citado \u00f3rgano legislativo.<\/p>\n","protected":false},"excerpt":{"rendered":"<p>Chilpancingo, Gro., 21 de abril de 2023.- La Comisi\u00f3n de Desarrollo Agropecuario y Pesquero del Congreso del Estado aprob\u00f3 en sesi\u00f3n ordinaria el dictamen a favor de la iniciativa de reforma a la Ley de Acuicultura y Pesca Sustentable del Estado de Guerrero, propuesta por el diputado Marco Tulio S\u00e1nchez Alarc\u00f3n. De acuerdo con el&#8230;<\/p>\n","protected":false},"author":1,"featured_media":6781,"comment_status":"closed","ping_status":"open","sticky":false,"template":"","format":"standard","meta":{"_monsterinsights_skip_tracking":false,"_monsterinsights_sitenote_active":false,"_monsterinsights_sitenote_note":"","_monsterinsights_sitenote_category":0,"footnotes":""},"categories":[3,51],"tags":[],"class_list":["post-6780","post","type-post","status-publish","format-standard","has-post-thumbnail","hentry","category-boletin","category-marco-tulio-sanchez"],"aioseo_notices":[],"_links":{"self":[{"href":"https:\/\/congresogro.gob.mx\/63\/inicio\/wp-json\/wp\/v2\/posts\/6780","targetHints":{"allow":["GET"]}}],"collection":[{"href":"https:\/\/congresogro.gob.mx\/63\/inicio\/wp-json\/wp\/v2\/posts"}],"about":[{"href":"https:\/\/congresogro.gob.mx\/63\/inicio\/wp-json\/wp\/v2\/types\/post"}],"author":[{"embeddable":true,"href":"https:\/\/congresogro.gob.mx\/63\/inicio\/wp-json\/wp\/v2\/users\/1"}],"replies":[{"embeddable":true,"href":"https:\/\/congresogro.gob.mx\/63\/inicio\/wp-json\/wp\/v2\/comments?post=6780"}],"version-history":[{"count":1,"href":"https:\/\/congresogro.gob.mx\/63\/inicio\/wp-json\/wp\/v2\/posts\/6780\/revisions"}],"predecessor-version":[{"id":6782,"href":"https:\/\/congresogro.gob.mx\/63\/inicio\/wp-json\/wp\/v2\/posts\/6780\/revisions\/6782"}],"wp:featuredmedia":[{"embeddable":true,"href":"https:\/\/congresogro.gob.mx\/63\/inicio\/wp-json\/wp\/v2\/media\/6781"}],"wp:attachment":[{"href":"https:\/\/congresogro.gob.mx\/63\/inicio\/wp-json\/wp\/v2\/media?parent=6780"}],"wp:term":[{"taxonomy":"category","embeddable":true,"href":"https:\/\/congresogro.gob.mx\/63\/inicio\/wp-json\/wp\/v2\/categories?post=6780"},{"taxonomy":"post_tag","embeddable":true,"href":"https:\/\/congresogro.gob.mx\/63\/inicio\/wp-json\/wp\/v2\/tags?post=6780"}],"curies":[{"name":"wp","href":"https:\/\/api.w.org\/{rel}","templated":true}]}}