{"id":6753,"date":"2023-04-17T18:30:29","date_gmt":"2023-04-18T00:30:29","guid":{"rendered":"https:\/\/congresogro.gob.mx\/63\/inicio\/?p=6753"},"modified":"2023-04-19T12:54:43","modified_gmt":"2023-04-19T18:54:43","slug":"desarrolla-el-congreso-multiples-actividades-con-motivo-del-mes-de-la-nina-y-el-nino","status":"publish","type":"post","link":"https:\/\/congresogro.gob.mx\/63\/inicio\/2023\/04\/17\/desarrolla-el-congreso-multiples-actividades-con-motivo-del-mes-de-la-nina-y-el-nino\/","title":{"rendered":"DESARROLLA EL CONGRESO M\u00daLTIPLES ACTIVIDADES  CON MOTIVO DEL MES DE LA NI\u00d1A Y EL NI\u00d1O"},"content":{"rendered":"<p style=\"text-align: justify;\"><strong>Chilpancingo, Gro., 17 de abril de 2023.-<\/strong> El Congreso del Estado, a trav\u00e9s de la Comisi\u00f3n de los Derechos de las Ni\u00f1as, Ni\u00f1os y Adolescentes, llevar\u00e1 a cabo diversas actividades acad\u00e9micas, educativas y recreativas, en el marco del Mes del D\u00eda de la Ni\u00f1a y del Ni\u00f1o.<\/p>\n<p style=\"text-align: justify;\">Las diputadas Beatriz Mojica Morga y Nora Yanek Vel\u00e1zquez Mart\u00ednez, presidenta y vocal del citado \u00f3rgano legislativo, indicaron que las actividades dar\u00e1n inicio este mi\u00e9rcoles 19 con la firma del Acuerdo de Colaboraci\u00f3n entre el Posgrado en Humanidades de la Facultad de Filosof\u00eda y Letras de la Universidad Aut\u00f3noma de Guerrero (UAGro) y la citada comisi\u00f3n legislativa, a las 10 horas en el Auditorio Jes\u00fas Samper Ahumada de dicha instituci\u00f3n universitaria.<\/p>\n<p style=\"text-align: justify;\">Posteriormente, a las 11 de la ma\u00f1ana en el mismo sitio se llevar\u00e1 a cabo la presentaci\u00f3n del libro \u201cMaternidad, Cuidados y el Quehacer Cient\u00edfico y Acad\u00e9mico de Mujeres Mexicanas en Tiempos de Covid-19\u201d, donde fungir\u00e1n como comentaristas la coordinadora de la Maestr\u00eda en Humanidades de la UAGro, Dulce Mar\u00eda Quintero Romero y la presidenta de la Comisi\u00f3n de los Derechos de las Ni\u00f1as, Ni\u00f1os y Adolescentes, diputada Beatriz Mojica Morga.<\/p>\n<p style=\"text-align: justify;\">Para el jueves 20 por la tarde y el viernes 21 por la ma\u00f1ana se tiene previsto el Taller de Locuci\u00f3n para Ni\u00f1as, Ni\u00f1os y Adolescentes, mismo que se impartir\u00e1 en el Instituto de Estudios Parlamentarios Eduardo Neri, con la participaci\u00f3n de 35 ni\u00f1as y ni\u00f1os de 7 a 13 a\u00f1os de edad. Esta actividad se realiza en coordinaci\u00f3n con la Direcci\u00f3n de Comunicaci\u00f3n del Congreso.<\/p>\n<p style=\"text-align: justify;\">El mi\u00e9rcoles 26 de abril en la Explanada Bicentenario del Congreso se llevar\u00e1 a cabo la Feria de los Derechos de las Ni\u00f1as y Ni\u00f1os, con la participaci\u00f3n de 300 ni\u00f1as y ni\u00f1os en un horario de 9 de la ma\u00f1ana a 4 de la tarde, evento en el cual se premiar\u00e1 a los ganadores del concurso de fotograf\u00eda y se realizar\u00e1 una exposici\u00f3n con las gr\u00e1ficas participantes en las instalaciones legislativas.<\/p>\n<p style=\"text-align: justify;\">Por otro lado, el jueves 27, de 9 a 11 de la ma\u00f1ana, se estar\u00e1 realizando el Taller Crianza Positiva, donde participar\u00e1n 30 padres y madres de familia, y de 12 a 14 horas se presentar\u00e1 la obra de teatro \u201cToc Toc, \u00bfqu\u00e9 se asoma?\u201d, dirigida a ni\u00f1as, ni\u00f1os y sus familias.<\/p>\n<p style=\"text-align: justify;\">Asimismo, el 3 de mayo se desarrollar\u00e1 el curso \u201cQuiero ser Youtuber\u201d, referente a t\u00e9cnicas para el desarrollo de habilidades de comunicaci\u00f3n en ni\u00f1as y ni\u00f1os, donde estar\u00e1 como invitado especial el comunic\u00f3logo Javier Borg\u00faa.<\/p>\n<p style=\"text-align: justify;\">\u00a0Las actividades alusivas al Mes del Ni\u00f1o y la Ni\u00f1a culminar\u00e1n con el Parlamento Infantil que realiza el Congreso del Estado cada a\u00f1o.<\/p>\n<p style=\"text-align: justify;\">Para el desarrollo de estos ejercicio el Congreso se coordina tambi\u00e9n con la Secretar\u00eda de Educaci\u00f3n Guerrero, el Instituto Electoral y de Participaci\u00f3n Ciudadana del Estado de Guerrero, el Sistema de Protecci\u00f3n Integral de los Derechos de las Ni\u00f1as, Ni\u00f1os y Adolescentes, Procuradur\u00eda de Ni\u00f1as, Ni\u00f1os y Adolescentes del Desarrollo Integral de la Familia, Comisi\u00f3n de los Derechos Humanos del Estado de Guerrero, la Secretar\u00eda de Seguridad P\u00fablica, el Fondo de las Naciones Unidas para la Infancia y la Compa\u00f1\u00eda de Teatro Coco Teatro y de La Mancha Teatro.<\/p>\n<p style=\"text-align: justify;\">La Comisi\u00f3n de los Derechos de las Ni\u00f1as, Ni\u00f1os y Adolescentes la integran tambi\u00e9n las diputadas Julieta Fern\u00e1ndez M\u00e1rquez, Jenyfer Garc\u00eda Lucina y Susana Paola Ju\u00e1rez G\u00f3mez, secretaria y vocales, respectivamente.<\/p>\n","protected":false},"excerpt":{"rendered":"<p>Chilpancingo, Gro., 17 de abril de 2023.- El Congreso del Estado, a trav\u00e9s de la Comisi\u00f3n de los Derechos de las Ni\u00f1as, Ni\u00f1os y Adolescentes, llevar\u00e1 a cabo diversas actividades acad\u00e9micas, educativas y recreativas, en el marco del Mes del D\u00eda de la Ni\u00f1a y del Ni\u00f1o. Las diputadas Beatriz Mojica Morga y Nora Yanek&#8230;<\/p>\n","protected":false},"author":1,"featured_media":6754,"comment_status":"closed","ping_status":"open","sticky":false,"template":"","format":"standard","meta":{"_monsterinsights_skip_tracking":false,"_monsterinsights_sitenote_active":false,"_monsterinsights_sitenote_note":"","_monsterinsights_sitenote_category":0,"footnotes":""},"categories":[13,3,32],"tags":[],"class_list":["post-6753","post","type-post","status-publish","format-standard","has-post-thumbnail","hentry","category-beatriz-mojica-morga","category-boletin","category-nora-yanek-velazquez-martinez"],"aioseo_notices":[],"_links":{"self":[{"href":"https:\/\/congresogro.gob.mx\/63\/inicio\/wp-json\/wp\/v2\/posts\/6753","targetHints":{"allow":["GET"]}}],"collection":[{"href":"https:\/\/congresogro.gob.mx\/63\/inicio\/wp-json\/wp\/v2\/posts"}],"about":[{"href":"https:\/\/congresogro.gob.mx\/63\/inicio\/wp-json\/wp\/v2\/types\/post"}],"author":[{"embeddable":true,"href":"https:\/\/congresogro.gob.mx\/63\/inicio\/wp-json\/wp\/v2\/users\/1"}],"replies":[{"embeddable":true,"href":"https:\/\/congresogro.gob.mx\/63\/inicio\/wp-json\/wp\/v2\/comments?post=6753"}],"version-history":[{"count":2,"href":"https:\/\/congresogro.gob.mx\/63\/inicio\/wp-json\/wp\/v2\/posts\/6753\/revisions"}],"predecessor-version":[{"id":6762,"href":"https:\/\/congresogro.gob.mx\/63\/inicio\/wp-json\/wp\/v2\/posts\/6753\/revisions\/6762"}],"wp:featuredmedia":[{"embeddable":true,"href":"https:\/\/congresogro.gob.mx\/63\/inicio\/wp-json\/wp\/v2\/media\/6754"}],"wp:attachment":[{"href":"https:\/\/congresogro.gob.mx\/63\/inicio\/wp-json\/wp\/v2\/media?parent=6753"}],"wp:term":[{"taxonomy":"category","embeddable":true,"href":"https:\/\/congresogro.gob.mx\/63\/inicio\/wp-json\/wp\/v2\/categories?post=6753"},{"taxonomy":"post_tag","embeddable":true,"href":"https:\/\/congresogro.gob.mx\/63\/inicio\/wp-json\/wp\/v2\/tags?post=6753"}],"curies":[{"name":"wp","href":"https:\/\/api.w.org\/{rel}","templated":true}]}}