{"id":6726,"date":"2023-04-13T17:32:00","date_gmt":"2023-04-13T23:32:00","guid":{"rendered":"https:\/\/congresogro.gob.mx\/63\/inicio\/?p=6726"},"modified":"2023-04-14T09:23:12","modified_gmt":"2023-04-14T15:23:12","slug":"proponen-instauran-el-28-de-junio-como-dia-estatal-del-voceador","status":"publish","type":"post","link":"https:\/\/congresogro.gob.mx\/63\/inicio\/2023\/04\/13\/proponen-instauran-el-28-de-junio-como-dia-estatal-del-voceador\/","title":{"rendered":"PROPONE YOLOCZIN DOM\u00cdNGUEZ CREAR EL D\u00cdA ESTATAL DEL VOCEADOR"},"content":{"rendered":"<p style=\"text-align: justify;\"><strong>Chilpancingo, Gro., 13 de abril de 2023.- <\/strong>La diputada Yoloczin Lizbeth Dom\u00ednguez Serna present\u00f3 una iniciativa para declarar el 28 de junio como el D\u00eda Estatal del Voceador, con el objetivo de honrar y dar visibilidad a este oficio hist\u00f3rico, y reconocer la gran labor informativa que realiza el gremio, favoreciendo la difusi\u00f3n de ideas en la entidad.<\/p>\n<p style=\"text-align: justify;\">Al presentar su iniciativa en la sesi\u00f3n ordinaria de este jueves del Congreso del Estado, la tambi\u00e9n presidenta de la Junta de Coordinaci\u00f3n Pol\u00edtica destac\u00f3 la importancia de reconocer a quienes se dedican a este noble oficio que, en diversas etapas de la historia de M\u00e9xico, especialmente en los tiempos de la Revoluci\u00f3n Mexicana, fueron piezas clave para la divulgaci\u00f3n de la informaci\u00f3n ligada a las publicaciones de la prensa mexicana.<\/p>\n<p style=\"text-align: justify;\">Abund\u00f3 que para la defensa de sus derechos, mujeres y hombres voceadores se han congregado en el \u00e1mbito nacional en la Uni\u00f3n de Expendedores y Voceadores de los Peri\u00f3dicos de M\u00e9xico, fundada el 15 de enero 1923, que agremia a quienes se dedican a distribuir eficientemente los peri\u00f3dicos del pa\u00eds, contribuyendo as\u00ed en la oportuna formaci\u00f3n cultural, social y pol\u00edtica de los mexicanos.<\/p>\n<p style=\"text-align: justify;\">Asimismo, indic\u00f3 que en 1953 el presidente de la Rep\u00fablica, Adolfo Ruiz Cortines, instaur\u00f3 que cada 20 de abril se celebrara el D\u00eda del Voceador, en reconocimiento al trabajo y esfuerzo de aquellas personas que dan la nota del d\u00eda de forma amena y oportuna, como voceras y voceros de los medios impresos del pa\u00eds.<\/p>\n<p style=\"text-align: justify;\">Dom\u00ednguez Serna se\u00f1al\u00f3 que, derivado del crecimiento poblacional, el impacto tecnol\u00f3gico y el acceso a los medios de comunicaci\u00f3n digitales que van gan\u00e1ndoles terreno en presencia y en ingresos, hasta pr\u00e1cticamente recluirlos, es necesario hacerles un reconocimiento porque se trata de unos los gremios m\u00e1s antiguos, respetados e importantes del pa\u00eds.<\/p>\n<p style=\"text-align: justify;\">\u201cResulta necesario establecer una fecha espec\u00edfica para reconocer la labor informativa que d\u00eda con d\u00eda realizan los voceadores en nuestro estado, dedic\u00e1ndoles un d\u00eda espec\u00edfico\u201d, apunt\u00f3.<\/p>\n<p style=\"text-align: justify;\">Esta iniciativa fue turnada a la Junta de Coordinaci\u00f3n Pol\u00edtica para su an\u00e1lisis y dictaminaci\u00f3n pertinentes.<\/p>\n<p style=\"text-align: justify;\">\n<p style=\"text-align: justify;\"><strong>Iniciativas<\/strong><\/p>\n<p style=\"text-align: justify;\">El diputado Carlos Cruz L\u00f3pez (Morena) propuso reformar el C\u00f3digo Procesal Civil del Estado de Guerrero para que exista un trato igualitario en el acceso a la justicia de todas las personas, y en caso de que una de las partes en el juicio no tenga los recursos econ\u00f3micos suficientes para designar a un perito, este le sea designado por el juez de conocimiento. La propuesta fue turnada a la Comisi\u00f3n de Justicia.<\/p>\n<p style=\"text-align: justify;\">\n<p style=\"text-align: justify;\"><strong>Acuerdos<\/strong><\/p>\n<p style=\"text-align: justify;\">Diputadas y diputados integrantes de la LXIII Legislatura aprobaron la minuta con proyecto de decreto por el que se adiciona la Constituci\u00f3n Pol\u00edtica de los Estados Unidos Mexicanos en materia de s\u00edmbolos patrios de las entidades federativas, como son los himnos, escudos y banderas, a fin de fomentar el patrimonio cultural, la historia y la identidad de cada estado de la Rep\u00fablica Mexicana.<\/p>\n<p style=\"text-align: justify;\">\n","protected":false},"excerpt":{"rendered":"<p>Chilpancingo, Gro., 13 de abril de 2023.- La diputada Yoloczin Lizbeth Dom\u00ednguez Serna present\u00f3 una iniciativa para declarar el 28 de junio como el D\u00eda Estatal del Voceador, con el objetivo de honrar y dar visibilidad a este oficio hist\u00f3rico, y reconocer la gran labor informativa que realiza el gremio, favoreciendo la difusi\u00f3n de ideas&#8230;<\/p>\n","protected":false},"author":1,"featured_media":6727,"comment_status":"closed","ping_status":"open","sticky":false,"template":"","format":"standard","meta":{"_monsterinsights_skip_tracking":false,"_monsterinsights_sitenote_active":false,"_monsterinsights_sitenote_note":"","_monsterinsights_sitenote_category":0,"footnotes":""},"categories":[3,15],"tags":[],"class_list":["post-6726","post","type-post","status-publish","format-standard","has-post-thumbnail","hentry","category-boletin","category-yoloczin-dominguez-serna"],"aioseo_notices":[],"_links":{"self":[{"href":"https:\/\/congresogro.gob.mx\/63\/inicio\/wp-json\/wp\/v2\/posts\/6726","targetHints":{"allow":["GET"]}}],"collection":[{"href":"https:\/\/congresogro.gob.mx\/63\/inicio\/wp-json\/wp\/v2\/posts"}],"about":[{"href":"https:\/\/congresogro.gob.mx\/63\/inicio\/wp-json\/wp\/v2\/types\/post"}],"author":[{"embeddable":true,"href":"https:\/\/congresogro.gob.mx\/63\/inicio\/wp-json\/wp\/v2\/users\/1"}],"replies":[{"embeddable":true,"href":"https:\/\/congresogro.gob.mx\/63\/inicio\/wp-json\/wp\/v2\/comments?post=6726"}],"version-history":[{"count":2,"href":"https:\/\/congresogro.gob.mx\/63\/inicio\/wp-json\/wp\/v2\/posts\/6726\/revisions"}],"predecessor-version":[{"id":6735,"href":"https:\/\/congresogro.gob.mx\/63\/inicio\/wp-json\/wp\/v2\/posts\/6726\/revisions\/6735"}],"wp:featuredmedia":[{"embeddable":true,"href":"https:\/\/congresogro.gob.mx\/63\/inicio\/wp-json\/wp\/v2\/media\/6727"}],"wp:attachment":[{"href":"https:\/\/congresogro.gob.mx\/63\/inicio\/wp-json\/wp\/v2\/media?parent=6726"}],"wp:term":[{"taxonomy":"category","embeddable":true,"href":"https:\/\/congresogro.gob.mx\/63\/inicio\/wp-json\/wp\/v2\/categories?post=6726"},{"taxonomy":"post_tag","embeddable":true,"href":"https:\/\/congresogro.gob.mx\/63\/inicio\/wp-json\/wp\/v2\/tags?post=6726"}],"curies":[{"name":"wp","href":"https:\/\/api.w.org\/{rel}","templated":true}]}}