{"id":6718,"date":"2023-04-12T20:18:18","date_gmt":"2023-04-13T02:18:18","guid":{"rendered":"https:\/\/congresogro.gob.mx\/63\/inicio\/?p=6718"},"modified":"2023-04-12T20:18:49","modified_gmt":"2023-04-13T02:18:49","slug":"presentan-en-el-congreso-el-megaproyecto-de-desarrollo-regional-de-las-costas-de-guerrero","status":"publish","type":"post","link":"https:\/\/congresogro.gob.mx\/63\/inicio\/2023\/04\/12\/presentan-en-el-congreso-el-megaproyecto-de-desarrollo-regional-de-las-costas-de-guerrero\/","title":{"rendered":"PRESENTAN EN EL CONGRESO EL MEGAPROYECTO DE DESARROLLO REGIONAL DE LAS COSTAS DE GUERRERO"},"content":{"rendered":"<p style=\"text-align: justify;\"><strong>Chilpancingo, Gro., 12 de abril de 2023<\/strong>.- El Congreso del Estado de Guerrero, a trav\u00e9s del Instituto de Estudios Parlamentarios Eduardo Neri (IEPEN), realiz\u00f3 la presentaci\u00f3n del Megaproyecto de Desarrollo Regional de las Costas de Guerrero, presentado por el arquitecto Rafael V\u00edctor Trani Cabrera, con la visi\u00f3n de lograr el desarrollo de la entidad a trav\u00e9s de la planeaci\u00f3n y el uso eficiente de los recursos p\u00fablicos.<\/p>\n<p style=\"text-align: justify;\">Al dar el mensaje de bienvenida, el diputado Antonio Helguera Jim\u00e9nez, presidente del Comit\u00e9 del Instituto de Estudios Parlamentarios Eduardo Neri, extern\u00f3 que el objetivo del evento es conocer el megaproyecto y darle la m\u00e1s amplia difusi\u00f3n, por su gran viabilidad.<\/p>\n<p style=\"text-align: justify;\">A\u00f1adi\u00f3 que el proyecto amerita tambi\u00e9n un gran respaldo de quienes se encuentran en los distintos cargos p\u00fablicos, lo que puede propiciar su aplicaci\u00f3n para un mejor desarrollo de la entidad.<\/p>\n<p style=\"text-align: justify;\">En su oportunidad, el diputado Fortunato Hern\u00e1ndez Carbajal recalc\u00f3 que no deben perderse de vista los sectores m\u00e1s importantes, como es la agricultura, el desarrollo industrial y el de los servicios, que son los que garantizan el desarrollo integral y la detonaci\u00f3n econ\u00f3mica de las entidades, evitando que las empresas extranjeras se lleven toda la riqueza, y coadyuvando a que todos los sectores de la sociedad se vean beneficiados.<\/p>\n<p style=\"text-align: justify;\">Plante\u00f3, asimismo, la importancia de que el tema sea analizado y evaluado desde el \u00e1mbito acad\u00e9mico, de modo que el proyecto pueda ser perfeccionado y derive en la denotaci\u00f3n econ\u00f3mica de Guerrero.<\/p>\n<p style=\"text-align: justify;\">Por su parte, la diputada Mar\u00eda Flores Maldonado mencion\u00f3 que todas las regiones de Guerrero tienen un gran potencial que no ha sido bien aprovechado por las autoridades, sino por las empresas particulares que no tienen sentido social y no brindan apoyo a las comunidades. Ante esto, recalc\u00f3 que el proyecto que se presenta \u201ces bueno, siempre y cuando se precisen las condiciones en las que se va a ejecutar y la participaci\u00f3n de las partes involucradas, para evitar que la mayor parte de las ganancias quede en los particulares.<\/p>\n<p style=\"text-align: justify;\">\u201cSi este megaproyecto est\u00e1 pensado para beneficiar al pueblo, las y los legisladores lo vamos a apoyar\u201d, apunt\u00f3.<\/p>\n<p style=\"text-align: justify;\">Al tomar la palabra, la diputada Marben de la Cruz Santiago resalt\u00f3 la importancia de consultar a las y los habitantes de las costas, para saber qu\u00e9 opinan y requieren, y as\u00ed contribuir al desarrollo sostenible y sustentable de los pueblos, quienes \u201cen muchas ocasiones solo han sido utilizados, y no beneficiados\u201d.<\/p>\n<p style=\"text-align: justify;\">En el evento estuvieron tambi\u00e9n el diputado Osbaldo R\u00edos Manrique, vocal del Comit\u00e9 del IEPEN, el director del mismo, Eusebio P\u00e9rez Almontes; Bernardo Ortega Le\u00f3n en representaci\u00f3n de la presidenta de la Mesa Directiva del Congreso, Yanelly Hern\u00e1ndez Mart\u00ednez; la secretaria de Asuntos Ind\u00edgenas y Comunidades Afromexicanas, Reina Mej\u00eda Morales; el secretario de Medio Ambiente y Recursos Naturales, \u00c1ngel Almaz\u00e1n Ju\u00e1rez, entre otros.<\/p>\n","protected":false},"excerpt":{"rendered":"<p>Chilpancingo, Gro., 12 de abril de 2023.- El Congreso del Estado de Guerrero, a trav\u00e9s del Instituto de Estudios Parlamentarios Eduardo Neri (IEPEN), realiz\u00f3 la presentaci\u00f3n del Megaproyecto de Desarrollo Regional de las Costas de Guerrero, presentado por el arquitecto Rafael V\u00edctor Trani Cabrera, con la visi\u00f3n de lograr el desarrollo de la entidad a&#8230;<\/p>\n","protected":false},"author":1,"featured_media":6719,"comment_status":"closed","ping_status":"open","sticky":false,"template":"","format":"standard","meta":{"_monsterinsights_skip_tracking":false,"_monsterinsights_sitenote_active":false,"_monsterinsights_sitenote_note":"","_monsterinsights_sitenote_category":0,"footnotes":""},"categories":[17,3,57],"tags":[],"class_list":["post-6718","post","type-post","status-publish","format-standard","has-post-thumbnail","hentry","category-antonio-helguera-jimenez","category-boletin","category-iepen"],"aioseo_notices":[],"_links":{"self":[{"href":"https:\/\/congresogro.gob.mx\/63\/inicio\/wp-json\/wp\/v2\/posts\/6718","targetHints":{"allow":["GET"]}}],"collection":[{"href":"https:\/\/congresogro.gob.mx\/63\/inicio\/wp-json\/wp\/v2\/posts"}],"about":[{"href":"https:\/\/congresogro.gob.mx\/63\/inicio\/wp-json\/wp\/v2\/types\/post"}],"author":[{"embeddable":true,"href":"https:\/\/congresogro.gob.mx\/63\/inicio\/wp-json\/wp\/v2\/users\/1"}],"replies":[{"embeddable":true,"href":"https:\/\/congresogro.gob.mx\/63\/inicio\/wp-json\/wp\/v2\/comments?post=6718"}],"version-history":[{"count":1,"href":"https:\/\/congresogro.gob.mx\/63\/inicio\/wp-json\/wp\/v2\/posts\/6718\/revisions"}],"predecessor-version":[{"id":6720,"href":"https:\/\/congresogro.gob.mx\/63\/inicio\/wp-json\/wp\/v2\/posts\/6718\/revisions\/6720"}],"wp:featuredmedia":[{"embeddable":true,"href":"https:\/\/congresogro.gob.mx\/63\/inicio\/wp-json\/wp\/v2\/media\/6719"}],"wp:attachment":[{"href":"https:\/\/congresogro.gob.mx\/63\/inicio\/wp-json\/wp\/v2\/media?parent=6718"}],"wp:term":[{"taxonomy":"category","embeddable":true,"href":"https:\/\/congresogro.gob.mx\/63\/inicio\/wp-json\/wp\/v2\/categories?post=6718"},{"taxonomy":"post_tag","embeddable":true,"href":"https:\/\/congresogro.gob.mx\/63\/inicio\/wp-json\/wp\/v2\/tags?post=6718"}],"curies":[{"name":"wp","href":"https:\/\/api.w.org\/{rel}","templated":true}]}}