{"id":6706,"date":"2023-04-11T18:12:04","date_gmt":"2023-04-12T00:12:04","guid":{"rendered":"https:\/\/congresogro.gob.mx\/63\/inicio\/?p=6706"},"modified":"2023-04-11T18:12:04","modified_gmt":"2023-04-12T00:12:04","slug":"proponen-que-diputados-sin-partido-presenten-obligadamente-su-agenda-legislativa","status":"publish","type":"post","link":"https:\/\/congresogro.gob.mx\/63\/inicio\/2023\/04\/11\/proponen-que-diputados-sin-partido-presenten-obligadamente-su-agenda-legislativa\/","title":{"rendered":"PROPONEN QUE DIPUTADOS SIN PARTIDO PRESENTEN OBLIGADAMENTE SU AGENDA LEGISLATIVA"},"content":{"rendered":"<p style=\"text-align: justify;\"><strong>Chilpancingo, Gro., 11 de abril de 2023.- <\/strong>Con el prop\u00f3sito de que las y los diputados que se declaren sin partido tengan la obligaci\u00f3n de presentar individualmente su agenda legislativa en un periodo de 30 d\u00edas despu\u00e9s de su renuncia, el diputado Carlos Cruz L\u00f3pez propuso adicionar la Ley Org\u00e1nica del Poder Legislativo del Estado de Guerrero.<\/p>\n<p style=\"text-align: justify;\">En su propuesta, el legislador de Morena explic\u00f3 que en el Congreso convergen distintos partidos pol\u00edticos que se organizan en grupos parlamentarios, constituidos con al menos tres diputados o diputadas, y uno o dos por representaci\u00f3n.<\/p>\n<p style=\"text-align: justify;\">Refiri\u00f3 que el diputado o la diputada que deja de pertenecer a uno de esos grupos o representaciones sin integrarse a otro existente es denominado diputado o diputada sin partido, y es apoyado con las mismas consideraciones que el resto para que desempe\u00f1e sus atribuciones de representaci\u00f3n popular.<\/p>\n<p style=\"text-align: justify;\">Abund\u00f3 que cada grupo parlamentario o representaci\u00f3n de partido presenta su agenda legislativa en los primeros 30 d\u00edas de la legislatura, misma que contiene los temas y actividades que ser\u00e1n desahogados en los diversos periodos de sesiones, con el prop\u00f3sito de dar soluci\u00f3n a los planteamientos y exigencias sociales.<\/p>\n<p style=\"text-align: justify;\">Bajo ese contexto, Cruz L\u00f3pez puntualiz\u00f3 que \u201clos diputados sin partido, al ser tambi\u00e9n representantes populares, independientemente de c\u00f3mo se organicen, est\u00e1n obligados a rendir cuentas de su trabajo legislativo y no est\u00e1n exentos de presentar una agenda legislativa propia donde detallen sus postulados, para que la sociedad juzgue, opine, delibere e interact\u00fae\u201d.<\/p>\n<p style=\"text-align: justify;\">El documento fue turnado a la Comisi\u00f3n de Estudios Constitucionales y Jur\u00eddicos para su correspondiente an\u00e1lisis y emisi\u00f3n de dictamen.<\/p>\n<p style=\"text-align: justify;\">\n<p style=\"text-align: justify;\"><strong>Intervenciones <\/strong><\/p>\n<p style=\"text-align: justify;\">Al intervenir con el tema \u201cLa conmemoraci\u00f3n del deceso por la lucha social de Emiliano Zapata Salazar\u201d, el diputado Masedonio Mendoza Basurto (Morena) expres\u00f3 que El Caudillo del Sur es considerado como un s\u00edmbolo de la Revoluci\u00f3n Mexicana, cuya ideolog\u00eda de lucha hizo que miles de campesinos decidieran sumarse al movimiento nacional contra las injusticias.<\/p>\n<p style=\"text-align: justify;\">Inst\u00f3 a seguir recordando y honrando a este h\u00e9roe mexicano comandante del Ej\u00e9rcito Libertador del Sur, s\u00edmbolo de lucha y resistencia campesina en M\u00e9xico, quien el 10 de abril de 1919 fue asesinado en la Hacienda de Chinameca, Morelos.<\/p>\n<p style=\"text-align: justify;\">En relaci\u00f3n al tema particip\u00f3 la diputada Mar\u00eda Flores Maldonado ((Morena), resaltando la importancia de conocer la historia y los personajes que nos dieron libertad en tiempos de gobiernos opresores.<\/p>\n<p style=\"text-align: justify;\">Abund\u00f3 que Zapata jug\u00f3 un papel importante en la lucha por los derechos de los campesinos y contra el r\u00e9gimen de Porfirio D\u00edaz, hecho por el cual su recuerdo est\u00e1 presente en todas las luchas sociales de la actualidad.<\/p>\n<p style=\"text-align: justify;\">El diputado Joaqu\u00edn Badillo Escamilla (Morena) intervino con el tema \u201cLos basureros en el municipio de Acapulco, una respuesta equivocada a la contaminaci\u00f3n\u201d. Extern\u00f3 que las altas cantidades de basura en muchas ocasiones se generan por los centros de producci\u00f3n y las cadenas de comercializaci\u00f3n, situaci\u00f3n de la cual las empresas no se hacen responsables, ya que son excluidas del pago de impuestos para el mantenimiento de los basureros y rellenos sanitarios, dejando la responsabilidad al ayuntamiento para que atienda el problema con bajo presupuesto.<\/p>\n<p style=\"text-align: justify;\">El legislador extern\u00f3 la importancia de atender la problem\u00e1tica de la basura bajo una perspectiva moderna y basada en los est\u00e1ndares de reciclaje y clasificaci\u00f3n de residuos org\u00e1nicos e inorg\u00e1nicos, como lo dictan las pol\u00edticas ambientalistas del pa\u00eds y del mundo.<\/p>\n<p style=\"text-align: justify;\">El diputado Andr\u00e9s Guevara C\u00e1rdenas (Morena) intervino con el tema \u201cReforma a la Ley Minera\u201d, recordando que el 24 de marzo de este a\u00f1o el presidente de la Rep\u00fablica, Andr\u00e9s Manuel L\u00f3pez Obrador, envi\u00f3 a la C\u00e1mara de Diputados una iniciativa para reformar diversas leyes, entre ellas la minera, con la intenci\u00f3n de transformar radicalmente la regulaci\u00f3n de las concesiones.<\/p>\n<p style=\"text-align: justify;\">Agreg\u00f3 que, de aprobarse dicha propuesta, se estar\u00e1 sin duda cambiando para bien la relaci\u00f3n entre empresas mineras, comunidades y el Estado Mexicano. En ese sentido, apunt\u00f3 que como presidente de la Comisi\u00f3n de Miner\u00eda del Congreso local est\u00e1 buscando que lleguen empresas a invertir a Guerrero, y consider\u00f3 que la propuesta del Ejecutivo federal s\u00f3lo afectar\u00e1 a las empresas que no est\u00e1n alineadas a las buenas pr\u00e1cticas mineras.<\/p>\n","protected":false},"excerpt":{"rendered":"<p>Chilpancingo, Gro., 11 de abril de 2023.- Con el prop\u00f3sito de que las y los diputados que se declaren sin partido tengan la obligaci\u00f3n de presentar individualmente su agenda legislativa en un periodo de 30 d\u00edas despu\u00e9s de su renuncia, el diputado Carlos Cruz L\u00f3pez propuso adicionar la Ley Org\u00e1nica del Poder Legislativo del Estado&#8230;<\/p>\n","protected":false},"author":1,"featured_media":6707,"comment_status":"closed","ping_status":"open","sticky":false,"template":"","format":"standard","meta":{"_monsterinsights_skip_tracking":false,"_monsterinsights_sitenote_active":false,"_monsterinsights_sitenote_note":"","_monsterinsights_sitenote_category":0,"footnotes":""},"categories":[3,26],"tags":[],"class_list":["post-6706","post","type-post","status-publish","format-standard","has-post-thumbnail","hentry","category-boletin","category-carlos-cruz-lopez"],"aioseo_notices":[],"_links":{"self":[{"href":"https:\/\/congresogro.gob.mx\/63\/inicio\/wp-json\/wp\/v2\/posts\/6706","targetHints":{"allow":["GET"]}}],"collection":[{"href":"https:\/\/congresogro.gob.mx\/63\/inicio\/wp-json\/wp\/v2\/posts"}],"about":[{"href":"https:\/\/congresogro.gob.mx\/63\/inicio\/wp-json\/wp\/v2\/types\/post"}],"author":[{"embeddable":true,"href":"https:\/\/congresogro.gob.mx\/63\/inicio\/wp-json\/wp\/v2\/users\/1"}],"replies":[{"embeddable":true,"href":"https:\/\/congresogro.gob.mx\/63\/inicio\/wp-json\/wp\/v2\/comments?post=6706"}],"version-history":[{"count":1,"href":"https:\/\/congresogro.gob.mx\/63\/inicio\/wp-json\/wp\/v2\/posts\/6706\/revisions"}],"predecessor-version":[{"id":6708,"href":"https:\/\/congresogro.gob.mx\/63\/inicio\/wp-json\/wp\/v2\/posts\/6706\/revisions\/6708"}],"wp:featuredmedia":[{"embeddable":true,"href":"https:\/\/congresogro.gob.mx\/63\/inicio\/wp-json\/wp\/v2\/media\/6707"}],"wp:attachment":[{"href":"https:\/\/congresogro.gob.mx\/63\/inicio\/wp-json\/wp\/v2\/media?parent=6706"}],"wp:term":[{"taxonomy":"category","embeddable":true,"href":"https:\/\/congresogro.gob.mx\/63\/inicio\/wp-json\/wp\/v2\/categories?post=6706"},{"taxonomy":"post_tag","embeddable":true,"href":"https:\/\/congresogro.gob.mx\/63\/inicio\/wp-json\/wp\/v2\/tags?post=6706"}],"curies":[{"name":"wp","href":"https:\/\/api.w.org\/{rel}","templated":true}]}}