{"id":6636,"date":"2023-03-28T17:09:01","date_gmt":"2023-03-28T23:09:01","guid":{"rendered":"https:\/\/congresogro.gob.mx\/63\/inicio\/?p=6636"},"modified":"2023-03-28T17:09:01","modified_gmt":"2023-03-28T23:09:01","slug":"exhorta-el-congreso-a-ayuntamientos-para-que-publiquen-toda-la-informacion-relativa-a-su-gestion","status":"publish","type":"post","link":"https:\/\/congresogro.gob.mx\/63\/inicio\/2023\/03\/28\/exhorta-el-congreso-a-ayuntamientos-para-que-publiquen-toda-la-informacion-relativa-a-su-gestion\/","title":{"rendered":"EXHORTA EL CONGRESO A AYUNTAMIENTOS PARA QUE PUBLIQUEN TODA LA INFORMACI\u00d3N RELATIVA A SU GESTI\u00d3N"},"content":{"rendered":"<p style=\"text-align: justify;\"><strong>\u00a0<\/strong><strong>Chilpancingo, Gro., 28 de marzo de 2023.-<\/strong> El Congreso del Estado exhort\u00f3 a los ayuntamientos que obtuvieron un resultado no satisfactorio en la verificaci\u00f3n vinculatoria realizada por el Instituto de Transparencia, Acceso a la Informaci\u00f3n y Protecci\u00f3n de Datos Personales del Estado de Guerrero (ITAIGro ) del Ejercicio Fiscal 2022, a que publiquen en sus portales de internet y en la Plataforma Nacional de Transparencia la informaci\u00f3n concerniente a sus obligaciones previstas en la Ley de Transparencia y Acceso a la Informaci\u00f3n P\u00fablica del Estado.<\/p>\n<p style=\"text-align: justify;\">Lo anterior a propuesta del diputado Adolfo Torales Catal\u00e1n (PRI), quien expuso que el ITAIGro report\u00f3 en el Informe Anual de Labores y Resultados 2022 que de acuerdo a la verificaci\u00f3n vinculatoria realizada a los sujetos obligados en los portales de internet y la Plataforma Nacional de Transparencia, de los 81 ayuntamientos solo 33 obtuvieron acuerdo de cumplimiento satisfactorio, al haber publicado un porcentaje mayor al 70 por ciento de la informaci\u00f3n correspondiente a sus obligaciones de transparencia comunes.<\/p>\n<p style=\"text-align: justify;\">Abund\u00f3 que los 48 ayuntamientos restantes obtuvieron un resultado no satisfactorio, y de estos 32 estuvieron por debajo del 50 por ciento en la publicaci\u00f3n de sus obligaciones de transparencia, identific\u00e1ndose que en su mayor\u00eda son los mismos que han venido incumpliendo de forma reiterada en verificaciones vinculantes de a\u00f1os anteriores.<\/p>\n<p style=\"text-align: justify;\">El legislador refiri\u00f3 que en la \u00faltima Encuesta Nacional de Acceso a la Informaci\u00f3n P\u00fablica y Protecci\u00f3n de Datos Personales se concluy\u00f3 que la poblaci\u00f3n manifest\u00f3 tener mucha confianza en la informaci\u00f3n que ofrece el gobierno sobre diversos temas, y que el 53.3 por ciento lo atribuye a que esta no se difunde.<\/p>\n<p style=\"text-align: justify;\">Por ello, Torales Catal\u00e1n considera importante que los ayuntamientos cumplan con su obligaci\u00f3n de publicar la informaci\u00f3n relacionada con la transparencia, \u201cpues con ello, adem\u00e1s de generar confianza en los entes municipales, se permite a la ciudadan\u00eda evaluar el desempe\u00f1o de los servidores p\u00fablicos, vigilar el adecuado ejercicio del presupuesto y hacer valer otros derechos humanos fundamentales, como los servicios y programas de salud, educaci\u00f3n y bienestar social\u201d.<\/p>\n<p style=\"text-align: justify;\">\n<p style=\"text-align: justify;\"><strong>Intervenciones <\/strong><\/p>\n<p style=\"text-align: justify;\">El diputado <a href=\"https:\/\/www.facebook.com\/SoyJackoBadillo?__cft__%5b0%5d=AZVpOmGUl1to4ACUaVAlrPq9bG0o1f_hx8NpcyybZBdxhG5Z7laU-X_aXKile5RQeNxDOMiFcYueaCpTHYPaLClU-1LIELKBC5r5v2hrJIoVpsofC7tY2J7ped3E1eIYQjHWs4eALvE18UWF7MEOxytr6tOFYgW_aQtgBdp09v56uXi0OUciNHSVX5o2jVDbaQg&amp;__tn__=-%5dK-R\">Joaqu\u00edn Badillo<\/a> Escamilla (Morena) particip\u00f3 con el tema \u201cDefensa de la soberan\u00eda nacional\u201d, manifestando que este es un tema de gran inter\u00e9s para el pa\u00eds, por tratarse de la prevalencia de la integridad territorial, independencia, Estado de derecho, estabilidad pol\u00edtica, social y econ\u00f3mica, como consecuci\u00f3n de los objetivos nacionales.<\/p>\n<p style=\"text-align: justify;\">Sobre las amenazas de congresistas de Estados Unidos que han manifestado inter\u00e9s en que este pa\u00eds intervenga en nuestro territorio para combatir a los grupos delictivos, Badillo Escamilla consider\u00f3 preocupante esta intenci\u00f3n de violar la soberan\u00eda y libertad de M\u00e9xico, remarcando que las relaciones bilaterales deben enmarcarse en el respeto y el reconocimiento irrestricto de la soberan\u00eda nacional.<\/p>\n<p style=\"text-align: justify;\">Sobre la problem\u00e1tica del tr\u00e1fico de drogas, indic\u00f3 que mucho tiene que ver la producci\u00f3n de opioides sint\u00e9ticos de origen chino y la grave problem\u00e1tica de adicci\u00f3n que tiene gran parte de la poblaci\u00f3n de los Estados Unidos.<\/p>\n<p style=\"text-align: justify;\">Al intervenir con el tema \u201cXalpatl\u00e1huac\u201d, el diputado Alfredo S\u00e1nchez Esquivel (Morena) indic\u00f3 que este Poder Legislativo debe urgentemente intervenir, en uso de su facultad de representaci\u00f3n popular, y en coordinaci\u00f3n con el Ejecutivo estatal atender el problema pol\u00edtico que ah\u00ed acontece, m\u00e1s all\u00e1 del discurso pol\u00edtico.<br \/>\nConsider\u00f3 preocupante que haya intereses oscuros detr\u00e1s de ese problema social, y llam\u00f3 a investigar la reciente incursi\u00f3n de las fuerzas armadas, las cuales fueron enfrentadas por los pobladores, lo que pudo derivar en una situaci\u00f3n lamentable.<br \/>\nLlam\u00f3, asimismo, a no criminalizar a las polic\u00edas comunitarias, porque est\u00e1 claro que la ley las ampara.<\/p>\n<p style=\"text-align: justify;\">Sobre el mismo tema intervino la diputada Mar\u00eda Flores Maldonado.<\/p>\n<p style=\"text-align: justify;\">El diputado <a href=\"https:\/\/www.facebook.com\/rafael.navarrete.quezada?__cft__%5b0%5d=AZUbdmniMgoIvhfXGFkyjTYpG6pHwoTIKEEPx9KuvKo6DNXaa5iN7kPkEKHWF9uuN0zqubCgh4A9FGEg14tvmxU4-yR4HfSudEh1F2AMqc_sZdWefAdP_iRM7mSHsW9zw_jSsMdvKeBHvQ6a3J-B5TvUTsJfyMGrz1M4NQ5SLutQm-FLnOr9U44fQ_i8NygrhKM&amp;__tn__=-%5dK-R\">Rafael Navarrete Quezada<\/a> intervino en relaci\u00f3n con \u201cLos enfermos renales de la Costa Chica de Guerrero\u201d, indicando que muchos pacientes de los municipios de Ometepec, Xochistlahuaca, Tlacoachistlahuaca, Cuajinicuilapa, Igualapa, Juchit\u00e1n, Azoy\u00fa y Marquelia son remitidos al puerto de Acapulco por sus cl\u00ednicas de medicina familiar del ISSSTE e IMSS, ante la inexistencia de unidades especializadas en hemodi\u00e1lisis en dicha regi\u00f3n.<\/p>\n<p style=\"text-align: justify;\">El legislador lament\u00f3 que, aunado a los altos costos, los pacientes deben recorrer grandes distancias, lo que merma a\u00fan m\u00e1s su estado de salud, por el cansancio que esto les provoca.<\/p>\n<p style=\"text-align: justify;\">Adelant\u00f3 que continuar\u00e1 en la ruta de la gesti\u00f3n, a la espera de encontrar eco entre la gobernadora y las autoridades de salud, en busca de mecanismos para que los enfermos renales reciban atenci\u00f3n en la Cl\u00ednica de Hemodi\u00e1lisis que entrar\u00e1 en operaci\u00f3n en Ometepec, sin tener que trasladarse hasta Acapulco.<\/p>\n","protected":false},"excerpt":{"rendered":"<p>\u00a0Chilpancingo, Gro., 28 de marzo de 2023.- El Congreso del Estado exhort\u00f3 a los ayuntamientos que obtuvieron un resultado no satisfactorio en la verificaci\u00f3n vinculatoria realizada por el Instituto de Transparencia, Acceso a la Informaci\u00f3n y Protecci\u00f3n de Datos Personales del Estado de Guerrero (ITAIGro ) del Ejercicio Fiscal 2022, a que publiquen en sus&#8230;<\/p>\n","protected":false},"author":1,"featured_media":6637,"comment_status":"closed","ping_status":"open","sticky":false,"template":"","format":"standard","meta":{"_monsterinsights_skip_tracking":false,"_monsterinsights_sitenote_active":false,"_monsterinsights_sitenote_note":"","_monsterinsights_sitenote_category":0,"footnotes":""},"categories":[37,3],"tags":[],"class_list":["post-6636","post","type-post","status-publish","format-standard","has-post-thumbnail","hentry","category-adolfo-torales-catalan","category-boletin"],"aioseo_notices":[],"_links":{"self":[{"href":"https:\/\/congresogro.gob.mx\/63\/inicio\/wp-json\/wp\/v2\/posts\/6636","targetHints":{"allow":["GET"]}}],"collection":[{"href":"https:\/\/congresogro.gob.mx\/63\/inicio\/wp-json\/wp\/v2\/posts"}],"about":[{"href":"https:\/\/congresogro.gob.mx\/63\/inicio\/wp-json\/wp\/v2\/types\/post"}],"author":[{"embeddable":true,"href":"https:\/\/congresogro.gob.mx\/63\/inicio\/wp-json\/wp\/v2\/users\/1"}],"replies":[{"embeddable":true,"href":"https:\/\/congresogro.gob.mx\/63\/inicio\/wp-json\/wp\/v2\/comments?post=6636"}],"version-history":[{"count":1,"href":"https:\/\/congresogro.gob.mx\/63\/inicio\/wp-json\/wp\/v2\/posts\/6636\/revisions"}],"predecessor-version":[{"id":6638,"href":"https:\/\/congresogro.gob.mx\/63\/inicio\/wp-json\/wp\/v2\/posts\/6636\/revisions\/6638"}],"wp:featuredmedia":[{"embeddable":true,"href":"https:\/\/congresogro.gob.mx\/63\/inicio\/wp-json\/wp\/v2\/media\/6637"}],"wp:attachment":[{"href":"https:\/\/congresogro.gob.mx\/63\/inicio\/wp-json\/wp\/v2\/media?parent=6636"}],"wp:term":[{"taxonomy":"category","embeddable":true,"href":"https:\/\/congresogro.gob.mx\/63\/inicio\/wp-json\/wp\/v2\/categories?post=6636"},{"taxonomy":"post_tag","embeddable":true,"href":"https:\/\/congresogro.gob.mx\/63\/inicio\/wp-json\/wp\/v2\/tags?post=6636"}],"curies":[{"name":"wp","href":"https:\/\/api.w.org\/{rel}","templated":true}]}}