{"id":6612,"date":"2023-03-26T09:30:56","date_gmt":"2023-03-26T15:30:56","guid":{"rendered":"https:\/\/congresogro.gob.mx\/63\/inicio\/?p=6612"},"modified":"2023-03-28T10:23:07","modified_gmt":"2023-03-28T16:23:07","slug":"plantean-reforma-para-salvaguardar-los-derechos-de-menores-internados","status":"publish","type":"post","link":"https:\/\/congresogro.gob.mx\/63\/inicio\/2023\/03\/26\/plantean-reforma-para-salvaguardar-los-derechos-de-menores-internados\/","title":{"rendered":"PLANTEAN REFORMA PARA SALVAGUARDAR  LOS DERECHOS DE MENORES INTERNADOS"},"content":{"rendered":"<p style=\"text-align: justify;\"><strong>Chilpancingo, Gro., 26 de marzo de 2023<\/strong>.- El diputado Carlos Cruz L\u00f3pez present\u00f3 una iniciativa de reforma a la Ley para la Protecci\u00f3n de los Derechos de las Ni\u00f1as, Ni\u00f1os y Adolescentes del Estado de Guerrero, con el prop\u00f3sito de salvaguardar los derechos de menores de edad que se encuentren en los centros de asistencia social, albergues, internados o centros de acogimiento p\u00fablicos y privados.<\/p>\n<p style=\"text-align: justify;\">La iniciativa que fue turnada a la Comisi\u00f3n de los Derechos de las Ni\u00f1as, Ni\u00f1os y Adolescentes, para su correspondiente an\u00e1lisis y dictaminaci\u00f3n, tambi\u00e9n plantea establecer como atribuci\u00f3n del o la titular del Sistema para el Desarrollo Integral de la Familia (DIF) del estado el realizar un censo semestral y supervisar las operaciones de estas instituciones, a efecto de verificar su correcto funcionamiento.<\/p>\n<p style=\"text-align: justify;\">El diputado cit\u00f3 que la Corte Interamericana de Derechos Humanos ha precisado que el inter\u00e9s superior de la ni\u00f1ez implica garantizar el desarrollo de las personas menores de edad y el ejercicio pleno de sus derechos, de modo que sean considerados en los criterios rectores para la elaboraci\u00f3n de leyes, reglamentos y todo tipo de programas o planes dirigidos a este sector de la poblaci\u00f3n, y de la misma forma, las autoridades de los tres \u00f3rdenes de gobierno deben privilegiar el cumplimiento de esos derechos, incluso por encima de los intereses de terceros.<\/p>\n<p style=\"text-align: justify;\">Cruz L\u00f3pez explic\u00f3 que en Guerrero la canalizaci\u00f3n de personas menores de edad a refugios, centros y albergues tiene amplia incidencia, ya que la situaci\u00f3n de las familias y las condiciones sociales de marginaci\u00f3n y pobreza representan un obst\u00e1culo para favorecer su permanencia, reintegraci\u00f3n o incorporaci\u00f3n a su n\u00facleo familiar, los cuales en muchas ocasiones no cumplen con las responsabilidades primarias, coloc\u00e1ndolos en situaciones de vulnerabilidad que pueden afectar sus derechos y desarrollo integral.<\/p>\n<p style=\"text-align: justify;\">Por todo lo anterior, el legislador de Morena plantea que el Estado debe contar con instituciones y organismos especializados, con medidas adecuadas e id\u00f3neas para atender a cabalidad la responsabilidad de proteger los derechos de ni\u00f1as, ni\u00f1os y adolescentes, y brindarles seguridad y bienestar, garantizando el sano desarrollo de los menores internados.<\/p>\n","protected":false},"excerpt":{"rendered":"<p>Chilpancingo, Gro., 26 de marzo de 2023.- El diputado Carlos Cruz L\u00f3pez present\u00f3 una iniciativa de reforma a la Ley para la Protecci\u00f3n de los Derechos de las Ni\u00f1as, Ni\u00f1os y Adolescentes del Estado de Guerrero, con el prop\u00f3sito de salvaguardar los derechos de menores de edad que se encuentren en los centros de asistencia&#8230;<\/p>\n","protected":false},"author":1,"featured_media":6613,"comment_status":"closed","ping_status":"open","sticky":false,"template":"","format":"standard","meta":{"_monsterinsights_skip_tracking":false,"_monsterinsights_sitenote_active":false,"_monsterinsights_sitenote_note":"","_monsterinsights_sitenote_category":0,"footnotes":""},"categories":[3,26],"tags":[],"class_list":["post-6612","post","type-post","status-publish","format-standard","has-post-thumbnail","hentry","category-boletin","category-carlos-cruz-lopez"],"aioseo_notices":[],"_links":{"self":[{"href":"https:\/\/congresogro.gob.mx\/63\/inicio\/wp-json\/wp\/v2\/posts\/6612","targetHints":{"allow":["GET"]}}],"collection":[{"href":"https:\/\/congresogro.gob.mx\/63\/inicio\/wp-json\/wp\/v2\/posts"}],"about":[{"href":"https:\/\/congresogro.gob.mx\/63\/inicio\/wp-json\/wp\/v2\/types\/post"}],"author":[{"embeddable":true,"href":"https:\/\/congresogro.gob.mx\/63\/inicio\/wp-json\/wp\/v2\/users\/1"}],"replies":[{"embeddable":true,"href":"https:\/\/congresogro.gob.mx\/63\/inicio\/wp-json\/wp\/v2\/comments?post=6612"}],"version-history":[{"count":1,"href":"https:\/\/congresogro.gob.mx\/63\/inicio\/wp-json\/wp\/v2\/posts\/6612\/revisions"}],"predecessor-version":[{"id":6614,"href":"https:\/\/congresogro.gob.mx\/63\/inicio\/wp-json\/wp\/v2\/posts\/6612\/revisions\/6614"}],"wp:featuredmedia":[{"embeddable":true,"href":"https:\/\/congresogro.gob.mx\/63\/inicio\/wp-json\/wp\/v2\/media\/6613"}],"wp:attachment":[{"href":"https:\/\/congresogro.gob.mx\/63\/inicio\/wp-json\/wp\/v2\/media?parent=6612"}],"wp:term":[{"taxonomy":"category","embeddable":true,"href":"https:\/\/congresogro.gob.mx\/63\/inicio\/wp-json\/wp\/v2\/categories?post=6612"},{"taxonomy":"post_tag","embeddable":true,"href":"https:\/\/congresogro.gob.mx\/63\/inicio\/wp-json\/wp\/v2\/tags?post=6612"}],"curies":[{"name":"wp","href":"https:\/\/api.w.org\/{rel}","templated":true}]}}