{"id":6609,"date":"2023-03-26T09:29:31","date_gmt":"2023-03-26T15:29:31","guid":{"rendered":"https:\/\/congresogro.gob.mx\/63\/inicio\/?p=6609"},"modified":"2023-03-27T09:30:46","modified_gmt":"2023-03-27T15:30:46","slug":"proponen-reforma-a-la-ley-de-educacion-para-garantizar-condiciones-de-inclusion-a-estudiantes-con-discapacidad","status":"publish","type":"post","link":"https:\/\/congresogro.gob.mx\/63\/inicio\/2023\/03\/26\/proponen-reforma-a-la-ley-de-educacion-para-garantizar-condiciones-de-inclusion-a-estudiantes-con-discapacidad\/","title":{"rendered":"PROPONEN REFORMA A LA LEY DE EDUCACI\u00d3N PARA GARANTIZAR CONDICIONES DE INCLUSI\u00d3N A ESTUDIANTES CON DISCAPACIDAD"},"content":{"rendered":"<p style=\"text-align: justify;\"><strong>Chilpancingo, Gro., 26 de marzo de 2023<\/strong>.- La diputada Ana Lenis Res\u00e9ndiz Javier present\u00f3 una iniciativa de reforma a la Ley de Educaci\u00f3n del Estado para que se otorgue el reconocimiento de validez oficial a las instituciones educativas que garanticen condiciones de inclusi\u00f3n, contribuyendo a remover todas las barreras para el aprendizaje y facilitando la participaci\u00f3n de las y los estudiantes vulnerables, como lo son quienes tienen alg\u00fan tipo de discapacidad.<\/p>\n<p style=\"text-align: justify;\">En su exposici\u00f3n de motivos, la legisladora representante del Partido Acci\u00f3n Nacional record\u00f3 que la Constituci\u00f3n Pol\u00edtica de los Estados Unidos Mexicanos considera que los planteles educativos constituyen un espacio fundamental para el proceso de ense\u00f1anza y aprendizaje, por lo cual se deber\u00e1 de garantizar que los materiales did\u00e1cticos, la infraestructura educativa, su mantenimiento y las condiciones del entorno sean id\u00f3neos y contribuyan a los fines educativos.<\/p>\n<p style=\"text-align: justify;\">Resalt\u00f3 lo establecido en el art\u00edculo 7 de la Ley General de Educaci\u00f3n, sobre que al Estado corresponde la rector\u00eda de la educaci\u00f3n, la cual, adem\u00e1s de ser obligatoria, tambi\u00e9n debe ser inclusiva y ajena a toda forma de discriminaci\u00f3n.<\/p>\n<p style=\"text-align: justify;\">La diputada manifest\u00f3 la importancia de que las instituciones educativas del sector p\u00fablico y privadas tambi\u00e9n establezcan las acciones necesarias para garantizar el derecho a la educaci\u00f3n de las personas con discapacidad, adecuando sus instalaciones con rampas, se\u00f1al\u00e9tica y dem\u00e1s ajustes razonables que abonen a la garant\u00eda del derecho constitucional.<\/p>\n<p style=\"text-align: justify;\">Esta propuesta que plantea reformar la fracci\u00f3n segunda del art\u00edculo 132 y la fracci\u00f3n d\u00e9cima quinta del art\u00edculo 137 de la Ley de Educaci\u00f3n del Estado fue turnada a la Comisi\u00f3n de Educaci\u00f3n, Ciencia y Tecnolog\u00eda, para su respectivo dictamen.<\/p>\n","protected":false},"excerpt":{"rendered":"<p>Chilpancingo, Gro., 26 de marzo de 2023.- La diputada Ana Lenis Res\u00e9ndiz Javier present\u00f3 una iniciativa de reforma a la Ley de Educaci\u00f3n del Estado para que se otorgue el reconocimiento de validez oficial a las instituciones educativas que garanticen condiciones de inclusi\u00f3n, contribuyendo a remover todas las barreras para el aprendizaje y facilitando la&#8230;<\/p>\n","protected":false},"author":1,"featured_media":6610,"comment_status":"closed","ping_status":"open","sticky":false,"template":"","format":"standard","meta":{"_monsterinsights_skip_tracking":false,"_monsterinsights_sitenote_active":false,"_monsterinsights_sitenote_note":"","_monsterinsights_sitenote_category":0,"footnotes":""},"categories":[45,3],"tags":[],"class_list":["post-6609","post","type-post","status-publish","format-standard","has-post-thumbnail","hentry","category-ana-lenis-resendiz-javier","category-boletin"],"aioseo_notices":[],"_links":{"self":[{"href":"https:\/\/congresogro.gob.mx\/63\/inicio\/wp-json\/wp\/v2\/posts\/6609","targetHints":{"allow":["GET"]}}],"collection":[{"href":"https:\/\/congresogro.gob.mx\/63\/inicio\/wp-json\/wp\/v2\/posts"}],"about":[{"href":"https:\/\/congresogro.gob.mx\/63\/inicio\/wp-json\/wp\/v2\/types\/post"}],"author":[{"embeddable":true,"href":"https:\/\/congresogro.gob.mx\/63\/inicio\/wp-json\/wp\/v2\/users\/1"}],"replies":[{"embeddable":true,"href":"https:\/\/congresogro.gob.mx\/63\/inicio\/wp-json\/wp\/v2\/comments?post=6609"}],"version-history":[{"count":1,"href":"https:\/\/congresogro.gob.mx\/63\/inicio\/wp-json\/wp\/v2\/posts\/6609\/revisions"}],"predecessor-version":[{"id":6611,"href":"https:\/\/congresogro.gob.mx\/63\/inicio\/wp-json\/wp\/v2\/posts\/6609\/revisions\/6611"}],"wp:featuredmedia":[{"embeddable":true,"href":"https:\/\/congresogro.gob.mx\/63\/inicio\/wp-json\/wp\/v2\/media\/6610"}],"wp:attachment":[{"href":"https:\/\/congresogro.gob.mx\/63\/inicio\/wp-json\/wp\/v2\/media?parent=6609"}],"wp:term":[{"taxonomy":"category","embeddable":true,"href":"https:\/\/congresogro.gob.mx\/63\/inicio\/wp-json\/wp\/v2\/categories?post=6609"},{"taxonomy":"post_tag","embeddable":true,"href":"https:\/\/congresogro.gob.mx\/63\/inicio\/wp-json\/wp\/v2\/tags?post=6609"}],"curies":[{"name":"wp","href":"https:\/\/api.w.org\/{rel}","templated":true}]}}