{"id":6602,"date":"2023-03-24T16:04:46","date_gmt":"2023-03-24T22:04:46","guid":{"rendered":"https:\/\/congresogro.gob.mx\/63\/inicio\/?p=6602"},"modified":"2023-03-24T16:04:46","modified_gmt":"2023-03-24T22:04:46","slug":"analizan-en-el-congreso-una-propuesta-para-implementar-el-transporte-violeta-en-mas-municipios-de-guerrero","status":"publish","type":"post","link":"https:\/\/congresogro.gob.mx\/63\/inicio\/2023\/03\/24\/analizan-en-el-congreso-una-propuesta-para-implementar-el-transporte-violeta-en-mas-municipios-de-guerrero\/","title":{"rendered":"ANALIZAN EN EL CONGRESO UNA PROPUESTA PARA IMPLEMENTAR EL TRANSPORTE VIOLETA EN M\u00c1S MUNICIPIOS DE GUERRERO"},"content":{"rendered":"<p style=\"text-align: justify;\"><strong>Chilpancingo, Gro., 24 de marzo de 2023.-<\/strong> Las Comisiones Unidas de Transporte y Para la Igualdad de G\u00e9nero del Congreso del Estado analizan un exhorto a los titulares de la Comisi\u00f3n T\u00e9cnica de Transporte y Vialidad y de la Secretar\u00eda de Seguridad P\u00fablica del Estado, para que instruyan a quien corresponda a realizar una revisi\u00f3n de la estrategia de Transporte Violeta para conocer los resultados del programa, adem\u00e1s de que se implemente en los municipios de Iguala, Taxco, Zihuatanejo, Tlapa y Ometepec.<\/p>\n<p style=\"text-align: justify;\">Al exponer la propuesta, la diputada Jennyfer Garc\u00eda Lucena (PRD) refiri\u00f3 que, de acuerdo con datos del INEGI, en M\u00e9xico 8 de cada 10 mujeres se sienten inseguras en el transporte p\u00fablico, situaci\u00f3n que ha motivado a la implementaci\u00f3n de diversos programas de gobierno, como el de espacios p\u00fablicos desde la perspectiva de g\u00e9nero y seguridad en el transporte.<\/p>\n<p style=\"text-align: justify;\">Abund\u00f3 que el mes de septiembre del a\u00f1o pasado se cre\u00f3 el programa Transporte Violeta para los municipios de Acapulco y Chilpancingo, con el objeto de disminuir los \u00edndices de violencia de g\u00e9nero y sexual en los sistemas de transporte colectivo, as\u00ed como mejorar la percepci\u00f3n y niveles de seguridad de las usuarias, al ser un servicio exclusivo para mujeres.<\/p>\n<p style=\"text-align: justify;\">\u201cEl referido programa consta de operadores capacitados que dan servicio en 50 taxis preferentes, 18 urvans, nueve de las cuales corren por las principales rutas en la capital, adem\u00e1s de cuatro unidades de Acab\u00fas y cuatro camiones urbanos en Acapulco, de uso exclusivo, seguro y sin acoso para ni\u00f1as y mujeres\u201d, expuso la legisladora, aunque resalt\u00f3 que a\u00fan se requiere mayor informaci\u00f3n sobre los resultados y operaci\u00f3n del programa.<\/p>\n<p style=\"text-align: justify;\">Por \u00faltimo, Garc\u00eda Lucena considera necesario ampliar dicho programa a los municipios de Iguala, Taxco, Zihuatanejo, Tlapa y Ometepec, donde existe con un alto n\u00famero de ni\u00f1as y mujeres, estudiantes, trabajadoras y comerciantes a quienes se les debe garantizar su tranquilidad e integridad en todos los espacios p\u00fablicos.<\/p>\n","protected":false},"excerpt":{"rendered":"<p>Chilpancingo, Gro., 24 de marzo de 2023.- Las Comisiones Unidas de Transporte y Para la Igualdad de G\u00e9nero del Congreso del Estado analizan un exhorto a los titulares de la Comisi\u00f3n T\u00e9cnica de Transporte y Vialidad y de la Secretar\u00eda de Seguridad P\u00fablica del Estado, para que instruyan a quien corresponda a realizar una revisi\u00f3n&#8230;<\/p>\n","protected":false},"author":1,"featured_media":6603,"comment_status":"closed","ping_status":"open","sticky":false,"template":"","format":"standard","meta":{"_monsterinsights_skip_tracking":false,"_monsterinsights_sitenote_active":false,"_monsterinsights_sitenote_note":"","_monsterinsights_sitenote_category":0,"footnotes":""},"categories":[3,35],"tags":[],"class_list":["post-6602","post","type-post","status-publish","format-standard","has-post-thumbnail","hentry","category-boletin","category-jennyfer-garcia-lucena"],"aioseo_notices":[],"_links":{"self":[{"href":"https:\/\/congresogro.gob.mx\/63\/inicio\/wp-json\/wp\/v2\/posts\/6602","targetHints":{"allow":["GET"]}}],"collection":[{"href":"https:\/\/congresogro.gob.mx\/63\/inicio\/wp-json\/wp\/v2\/posts"}],"about":[{"href":"https:\/\/congresogro.gob.mx\/63\/inicio\/wp-json\/wp\/v2\/types\/post"}],"author":[{"embeddable":true,"href":"https:\/\/congresogro.gob.mx\/63\/inicio\/wp-json\/wp\/v2\/users\/1"}],"replies":[{"embeddable":true,"href":"https:\/\/congresogro.gob.mx\/63\/inicio\/wp-json\/wp\/v2\/comments?post=6602"}],"version-history":[{"count":1,"href":"https:\/\/congresogro.gob.mx\/63\/inicio\/wp-json\/wp\/v2\/posts\/6602\/revisions"}],"predecessor-version":[{"id":6604,"href":"https:\/\/congresogro.gob.mx\/63\/inicio\/wp-json\/wp\/v2\/posts\/6602\/revisions\/6604"}],"wp:featuredmedia":[{"embeddable":true,"href":"https:\/\/congresogro.gob.mx\/63\/inicio\/wp-json\/wp\/v2\/media\/6603"}],"wp:attachment":[{"href":"https:\/\/congresogro.gob.mx\/63\/inicio\/wp-json\/wp\/v2\/media?parent=6602"}],"wp:term":[{"taxonomy":"category","embeddable":true,"href":"https:\/\/congresogro.gob.mx\/63\/inicio\/wp-json\/wp\/v2\/categories?post=6602"},{"taxonomy":"post_tag","embeddable":true,"href":"https:\/\/congresogro.gob.mx\/63\/inicio\/wp-json\/wp\/v2\/tags?post=6602"}],"curies":[{"name":"wp","href":"https:\/\/api.w.org\/{rel}","templated":true}]}}