{"id":6582,"date":"2023-03-22T09:21:17","date_gmt":"2023-03-22T15:21:17","guid":{"rendered":"https:\/\/congresogro.gob.mx\/63\/inicio\/?p=6582"},"modified":"2023-03-23T09:22:36","modified_gmt":"2023-03-23T15:22:36","slug":"exhorta-congreso-al-registro-agrario-nacional-para-agilizar-la-certificacion-de-areas-destinadas-a-la-conservacion-del-colibri-coqueta-de-atoyac","status":"publish","type":"post","link":"https:\/\/congresogro.gob.mx\/63\/inicio\/2023\/03\/22\/exhorta-congreso-al-registro-agrario-nacional-para-agilizar-la-certificacion-de-areas-destinadas-a-la-conservacion-del-colibri-coqueta-de-atoyac\/","title":{"rendered":"EXHORTA CONGRESO AL REGISTRO AGRARIO NACIONAL PARA AGILIZAR LA CERTIFICACI\u00d3N DE \u00c1REAS DESTINADAS A LA CONSERVACI\u00d3N DEL \u201cCOLIBR\u00cd COQUETA\u201d DE ATOYAC"},"content":{"rendered":"<p style=\"text-align: justify;\"><strong>Chilpancingo, Gro., 22 de marzo de 2023.-<\/strong> Por unanimidad, el Pleno del Congreso del Estado exhort\u00f3 al titular del Registro Agrario Nacional (RAN), Plutarco Garc\u00eda Jim\u00e9nez, para hacer m\u00e1s eficiente y \u00e1gil el proceso de certificaci\u00f3n de actas de las \u00e1reas destinadas voluntariamente a la conservaci\u00f3n de una de las especies m\u00e1s emblem\u00e1ticas y end\u00e9micas de Atoyac, \u201cel colibr\u00ed coqueta\u201d.<\/p>\n<p style=\"text-align: justify;\">Dicho exhorto fue propuesto por el diputado de Morena Fortunato Hern\u00e1ndez Carbajal, quien expuso que dicha ave es catalogada por la Uni\u00f3n Internacional para la Conservaci\u00f3n de la Naturaleza como una especie vulnerable con prioridad de conservaci\u00f3n global.<\/p>\n<p style=\"text-align: justify;\">Adem\u00e1s, expuso que la problem\u00e1tica ambiental que enfrenta esta especie en su \u00e1rea de distribuci\u00f3n est\u00e1 relacionada con los cambios en el uso del suelo por actividades agropecuarias, aspecto que ejerce presi\u00f3n sobre los recursos florales que habitualmente utiliza el colibr\u00ed, as\u00ed como por la reducci\u00f3n de sus \u00e1reas de idoneidad ambiental.<\/p>\n<p style=\"text-align: justify;\">\u201cPara ejemplificar esto, un estudio llevado a cabo recientemente demostr\u00f3 que el h\u00e1bitat potencial primario utilizado por el colibr\u00ed coqueta se ha transformado en un 51 por ciento en vegetaci\u00f3n secundaria, y como consecuencia, se estima que la poblaci\u00f3n de esta especie disminuye a una tasa de entre 10 y 19 por ciento por d\u00e9cada, aunado a que el cambio clim\u00e1tico tambi\u00e9n modifica los patrones t\u00e9rmicos\u201d, abund\u00f3 el legislador.<\/p>\n<p style=\"text-align: justify;\">Estos factores, agrega, podr\u00edan generar un v\u00f3rtice de extinci\u00f3n para la especie, dado los requerimientos ambientales espec\u00edficos que posee; adem\u00e1s de que son precisamente los bosques h\u00famedos de monta\u00f1a los ambientes para los que se pronostican los efectos m\u00e1s dr\u00e1sticos del cambio clim\u00e1tico.<\/p>\n<p style=\"text-align: justify;\">Hern\u00e1ndez Carbajal refiere que el proyecto de conservaci\u00f3n del \u201ccolibr\u00ed cresta coqueta\u201d pretende establecer estrategias de conservaci\u00f3n en los ejidos de San Francisco del Tibor, Santiago de la Uni\u00f3n, Los Valles, El Porvenir y el Lim\u00f3n de la sierra de Atoyac, mediante areas destinadas voluntariamente a la conservaci\u00f3n, y para lo que ya fueron capacitados los ejidatarios.<\/p>\n<p style=\"text-align: justify;\">Pese a ello, cuestion\u00f3 que la documentaci\u00f3n para dichas \u00e1reas ya fue enviada, recibida y revisada por el RAN desde hace un a\u00f1o, pero no ha dado respuesta sobre si fueron aprobadas, hecho por el cual es necesario exhortar al titular de la dependencia para que se haga m\u00e1s eficiente el proceso de certificaci\u00f3n de actas.<\/p>\n<p style=\"text-align: justify;\">\n<p style=\"text-align: justify;\"><strong>Intervenciones <\/strong><\/p>\n<p style=\"text-align: justify;\">El diputado Bernardo Ortega Jim\u00e9nez (PRD) particip\u00f3 con el tema \u201cLa fragilidad de la reforma electoral federal avizora una restauraci\u00f3n del orden constitucional\u201d, indicando que las recientes reformas enmarcadas en el \u201cPlan B\u201d y aprobadas por el Congreso de la Uni\u00f3n, son fr\u00e1giles y carecen de los elementos indispensables para su debida aprobaci\u00f3n, ya que no cumplieron con su tr\u00e1mite legislativo, al no ser turnadas a comisiones para su estudio y dictaminaci\u00f3n.<\/p>\n<p style=\"text-align: justify;\">Intervinieron sobre el mismo tema las y los diputados Julieta Fern\u00e1ndez M\u00e1rquez, Leticia Castro Ortiz, Mar\u00eda Flores Maldonado, Antonio Helguera Jim\u00e9nez, Alfredo S\u00e1nchez Esquivel, Jacinto Gonz\u00e1lez Varona, Joaqu\u00edn Badillo Escamilla y Ociel Hugar Garc\u00eda Trujillo.<\/p>\n<p style=\"text-align: justify;\">En otro punto, la diputada Marben de la Cruz (Morena) intervino en relaci\u00f3n con el \u201cD\u00eda Internacional de la Discriminaci\u00f3n Racial, Voces por la Acci\u00f3n Contra el Racismo\u201d, conmemorado el 21 de marzo.<\/p>\n<p style=\"text-align: justify;\">Manifest\u00f3 que \u201ceste d\u00eda no es de festejo\u201d, sino un d\u00eda para sensibilizar a la sociedad sobre la lucha de personas que por d\u00e9cadas han sido discriminadas e invisibilizadas por nuestra sociedad dominante.<\/p>\n<p style=\"text-align: justify;\">La legisladora reconoci\u00f3 que hay adelantos en la lucha contra el racismo, pero todav\u00eda queda mucho por hacer, ante lo cual exhort\u00f3 al Gobierno de Guerrero a que, de forma conjunta con el Congreso del Estado, impulse pol\u00edticas p\u00fablicas que focalicen acciones y programas de lucha contra la discriminaci\u00f3n racial, la xenofobia y la intolerancia conexa.<\/p>\n<p style=\"text-align: justify;\">Por su parte, al intervenir con el tema \u201cToma de decisiones en los procesos de consulta a los pueblos y comunidades ind\u00edgenas y afromexicanas\u201d, el diputado Alfredo S\u00e1nchez Esquivel (Morena) expres\u00f3 su preocupaci\u00f3n por dos procesos de consulta pendientes, solicitando al \u00f3rgano t\u00e9cnico que se cre\u00f3 en el Poder Legislativo que presente a las diputadas y diputados los avances de los trabajos.<\/p>\n<p style=\"text-align: justify;\">Refiri\u00f3 el legislador que es importante conocer los avances de la consulta en materia electoral, y la otra en materia educativa.<\/p>\n<p style=\"text-align: justify;\">Participaron con el mismo tema los diputados Antonio Helguera Jim\u00e9nez y Masedonio Mendoza Basurto, ambos de Morena.<\/p>\n<p style=\"text-align: justify;\">En torno a la conmemoraci\u00f3n del natalicio de Benito Ju\u00e1rez Garc\u00eda (21 de marzo), el diputado Masedonio Mendoza Basurto (Morena) consider\u00f3 importante recordar y reflexionar sobre los logros que tuvo este personaje como servidor p\u00fablico y fundador de la naci\u00f3n, quien durante su administraci\u00f3n cre\u00f3 m\u00faltiples escuelas normales, reconstruy\u00f3 el Palacio de Gobierno y dej\u00f3 un amplio legado en el \u00e1mbito jur\u00eddico, con una serie de leyes que reestablecieron las libertades de ense\u00f1anza, as\u00ed como importantes disposiciones legislativas que fortalecieron la Constituci\u00f3n de 1857.<\/p>\n<p style=\"text-align: justify;\">Por lo anterior, se pronunci\u00f3 a favor de que el \u201cjuarismo\u201d siga siendo un referente en los tres niveles del gobierno, para seguir fomentando el respeto a la ley, la libertad de conciencia y culto, ideolog\u00eda que todo servidor p\u00fablico debe seguir para representar la esperanza, la resistencia y la fe en la justicia, y que sea un legado para las actuales y futuras generaciones.<\/p>\n","protected":false},"excerpt":{"rendered":"<p>Chilpancingo, Gro., 22 de marzo de 2023.- Por unanimidad, el Pleno del Congreso del Estado exhort\u00f3 al titular del Registro Agrario Nacional (RAN), Plutarco Garc\u00eda Jim\u00e9nez, para hacer m\u00e1s eficiente y \u00e1gil el proceso de certificaci\u00f3n de actas de las \u00e1reas destinadas voluntariamente a la conservaci\u00f3n de una de las especies m\u00e1s emblem\u00e1ticas y end\u00e9micas&#8230;<\/p>\n","protected":false},"author":1,"featured_media":6583,"comment_status":"closed","ping_status":"open","sticky":false,"template":"","format":"standard","meta":{"_monsterinsights_skip_tracking":false,"_monsterinsights_sitenote_active":false,"_monsterinsights_sitenote_note":"","_monsterinsights_sitenote_category":0,"footnotes":""},"categories":[3,44],"tags":[],"class_list":["post-6582","post","type-post","status-publish","format-standard","has-post-thumbnail","hentry","category-boletin","category-fortunato-hernandez-carbajal"],"aioseo_notices":[],"_links":{"self":[{"href":"https:\/\/congresogro.gob.mx\/63\/inicio\/wp-json\/wp\/v2\/posts\/6582","targetHints":{"allow":["GET"]}}],"collection":[{"href":"https:\/\/congresogro.gob.mx\/63\/inicio\/wp-json\/wp\/v2\/posts"}],"about":[{"href":"https:\/\/congresogro.gob.mx\/63\/inicio\/wp-json\/wp\/v2\/types\/post"}],"author":[{"embeddable":true,"href":"https:\/\/congresogro.gob.mx\/63\/inicio\/wp-json\/wp\/v2\/users\/1"}],"replies":[{"embeddable":true,"href":"https:\/\/congresogro.gob.mx\/63\/inicio\/wp-json\/wp\/v2\/comments?post=6582"}],"version-history":[{"count":1,"href":"https:\/\/congresogro.gob.mx\/63\/inicio\/wp-json\/wp\/v2\/posts\/6582\/revisions"}],"predecessor-version":[{"id":6584,"href":"https:\/\/congresogro.gob.mx\/63\/inicio\/wp-json\/wp\/v2\/posts\/6582\/revisions\/6584"}],"wp:featuredmedia":[{"embeddable":true,"href":"https:\/\/congresogro.gob.mx\/63\/inicio\/wp-json\/wp\/v2\/media\/6583"}],"wp:attachment":[{"href":"https:\/\/congresogro.gob.mx\/63\/inicio\/wp-json\/wp\/v2\/media?parent=6582"}],"wp:term":[{"taxonomy":"category","embeddable":true,"href":"https:\/\/congresogro.gob.mx\/63\/inicio\/wp-json\/wp\/v2\/categories?post=6582"},{"taxonomy":"post_tag","embeddable":true,"href":"https:\/\/congresogro.gob.mx\/63\/inicio\/wp-json\/wp\/v2\/tags?post=6582"}],"curies":[{"name":"wp","href":"https:\/\/api.w.org\/{rel}","templated":true}]}}