{"id":657,"date":"2021-10-06T23:37:07","date_gmt":"2021-10-06T23:37:07","guid":{"rendered":"https:\/\/congresogro.gob.mx\/63\/inicio\/?p=657"},"modified":"2021-10-06T23:37:07","modified_gmt":"2021-10-06T23:37:07","slug":"aprueban-orden-del-dia-para-la-sesion-de-toma-de-protesta-de-la-gobernadora-evelyn-salgado-pineda","status":"publish","type":"post","link":"https:\/\/congresogro.gob.mx\/63\/inicio\/2021\/10\/06\/aprueban-orden-del-dia-para-la-sesion-de-toma-de-protesta-de-la-gobernadora-evelyn-salgado-pineda\/","title":{"rendered":"APRUEBAN ORDEN DEL D\u00cdA PARA LA SESI\u00d3N DE TOMA DE PROTESTA DE LA GOBERNADORA EVELYN SALGADO PINEDA"},"content":{"rendered":"<p style=\"text-align: justify;\"><strong>Chilpancingo, Gro., 06 de octubre de 2021.-<\/strong> Las y los diputados integrantes de la LXIII Legislatura aprobaron el Orden del D\u00eda al que se sujetar\u00e1 la Sesi\u00f3n Solemne del 15 de octubre de 2021, en la que la C. Evelyn Cecia Salgado Pineda rendir\u00e1 protesta constitucional al cargo de gobernadora del estado de Guerrero.<\/p>\n<p style=\"text-align: justify;\">El Acuerdo propuesto por la Junta de Coordinaci\u00f3n Pol\u00edtica y le\u00eddo por su presidente, diputado Alfredo S\u00e1nchez Esquivel, refiere que el pasado 15 de septiembre el Congreso del Estado expidi\u00f3 el Bando Solemne para dar a conocer la Declaratoria de Gobernadora Electa que realiz\u00f3 el Consejo General del Instituto Electoral y de Participaci\u00f3n Ciudadana del Estado en favor de Evelyn Cecia Salgado Pineda.<\/p>\n<p style=\"text-align: justify;\">Posterior ello, y de conformidad con lo que establece la Constituci\u00f3n Pol\u00edtica del Estado de Guerrero, la gobernadora, previo a la toma de posesi\u00f3n de su encargo, deber\u00e1 rendir protesta ante el Congreso del Estado.<\/p>\n<p style=\"text-align: justify;\">En ese sentido, se se\u00f1ala que rendir la Protesta de Ley no es un simple acto protocolario, sino que atiende a su funci\u00f3n primordial de representaci\u00f3n, y al no poder hacerlo ante la ciudadan\u00eda que la eligi\u00f3, lo hace ante el \u00f3rgano que la representa, en este caso el Poder Legislativo.<\/p>\n<p style=\"text-align: justify;\">El magno acto contar\u00e1 con la presencia del Poder Judicial, gobernadores de otros estados y representares de la Federaci\u00f3n, frente a los cuales la nueva mandataria se comprometer\u00e1 a servir y respetar el marco constitucional y legal.<\/p>\n<p style=\"text-align: justify;\">La sesi\u00f3n solemne se llevar\u00e1 a cabo el pr\u00f3ximo 15 de octubre a las 11:30 de la ma\u00f1ana y, de acuerdo con el Orden del D\u00eda, se designar\u00e1 una comisi\u00f3n especial de diputadas y diputados que introducir\u00e1n al recinto oficial al presidente de los Estados Unidos Mexicanos o su representante personal; a la gobernadora electa, al presidente del Tribunal Superior de Justicia y al gobernador saliente H\u00e9ctor Astudillo Flores.<\/p>\n<p style=\"text-align: justify;\">Posteriormente se rendir\u00e1n honores a la Bandera y entonaci\u00f3n del Himno Nacional; lectura y entrega del Bando Solemne por parte de la presidenta de la Mesa Directiva, y protesta de la mandataria.<\/p>\n<p style=\"text-align: justify;\">Ya investida como gobernadora, la C. Evelyn Salgado Pineda dar\u00e1 un mensaje y la sesi\u00f3n continuar\u00e1 con la intervenci\u00f3n del presidente de la Rep\u00fablica o su representante, para finalmente entonar el Himno a Guerrero.<\/p>\n","protected":false},"excerpt":{"rendered":"<p>Chilpancingo, Gro., 06 de octubre de 2021.- Las y los diputados integrantes de la LXIII Legislatura aprobaron el Orden del D\u00eda al que se sujetar\u00e1 la Sesi\u00f3n Solemne del 15 de octubre de 2021, en la que la C. Evelyn Cecia Salgado Pineda rendir\u00e1 protesta constitucional al cargo de gobernadora del estado de Guerrero. El&#8230;<\/p>\n","protected":false},"author":1,"featured_media":658,"comment_status":"closed","ping_status":"open","sticky":false,"template":"","format":"standard","meta":{"_monsterinsights_skip_tracking":false,"_monsterinsights_sitenote_active":false,"_monsterinsights_sitenote_note":"","_monsterinsights_sitenote_category":0,"footnotes":""},"categories":[4,3],"tags":[],"class_list":["post-657","post","type-post","status-publish","format-standard","has-post-thumbnail","hentry","category-alfredo-sanchez-esquivel","category-boletin"],"aioseo_notices":[],"_links":{"self":[{"href":"https:\/\/congresogro.gob.mx\/63\/inicio\/wp-json\/wp\/v2\/posts\/657","targetHints":{"allow":["GET"]}}],"collection":[{"href":"https:\/\/congresogro.gob.mx\/63\/inicio\/wp-json\/wp\/v2\/posts"}],"about":[{"href":"https:\/\/congresogro.gob.mx\/63\/inicio\/wp-json\/wp\/v2\/types\/post"}],"author":[{"embeddable":true,"href":"https:\/\/congresogro.gob.mx\/63\/inicio\/wp-json\/wp\/v2\/users\/1"}],"replies":[{"embeddable":true,"href":"https:\/\/congresogro.gob.mx\/63\/inicio\/wp-json\/wp\/v2\/comments?post=657"}],"version-history":[{"count":1,"href":"https:\/\/congresogro.gob.mx\/63\/inicio\/wp-json\/wp\/v2\/posts\/657\/revisions"}],"predecessor-version":[{"id":659,"href":"https:\/\/congresogro.gob.mx\/63\/inicio\/wp-json\/wp\/v2\/posts\/657\/revisions\/659"}],"wp:featuredmedia":[{"embeddable":true,"href":"https:\/\/congresogro.gob.mx\/63\/inicio\/wp-json\/wp\/v2\/media\/658"}],"wp:attachment":[{"href":"https:\/\/congresogro.gob.mx\/63\/inicio\/wp-json\/wp\/v2\/media?parent=657"}],"wp:term":[{"taxonomy":"category","embeddable":true,"href":"https:\/\/congresogro.gob.mx\/63\/inicio\/wp-json\/wp\/v2\/categories?post=657"},{"taxonomy":"post_tag","embeddable":true,"href":"https:\/\/congresogro.gob.mx\/63\/inicio\/wp-json\/wp\/v2\/tags?post=657"}],"curies":[{"name":"wp","href":"https:\/\/api.w.org\/{rel}","templated":true}]}}